{"id":744,"date":"2025-11-06T12:25:52","date_gmt":"2025-11-06T09:25:52","guid":{"rendered":"https:\/\/www.privacyestetik.com\/kombine-blefaroplasti\/"},"modified":"2025-11-10T15:12:50","modified_gmt":"2025-11-10T12:12:50","slug":"kombine-blefaroplasti","status":"publish","type":"post","link":"https:\/\/www.privacyestetik.com\/tr\/kombine-blefaroplasti\/","title":{"rendered":"Kombine Blefaroplasti"},"content":{"rendered":"<h2>Kombine Blefaroplasti Nedir?<\/h2>\n<p>G\u00f6z kapaklar\u0131, y\u00fcz ifadesinin en belirgin unsurlar\u0131ndan biri oldu\u011fu i\u00e7in ya\u015flanman\u0131n izleri bu b\u00f6lgede daha erken fark edilir. Zamanla g\u00f6z kapa\u011f\u0131nda sarkma, torbalanma, k\u0131r\u0131\u015f\u0131kl\u0131klar ve cilt gev\u015femesi gibi belirtiler ortaya \u00e7\u0131kar. \u00dcst ve alt g\u00f6z kapaklar\u0131nda ayn\u0131 anda ya\u015fanan bu estetik de\u011fi\u015fim, hem yorgun bir ifade yarat\u0131r hem de baz\u0131 durumlarda g\u00f6rme alan\u0131n\u0131 k\u0131s\u0131tlayabilir. Bu gibi durumlarda hem \u00fcst hem alt kapaklara birlikte m\u00fcdahale edilen kombine blefaroplasti y\u00f6ntemi devreye girer.<\/p>\n<p>Cerrahi bir uygulama olan bu i\u015flemde, hem \u00fcst hem de alt g\u00f6z kapaklar\u0131ndaki fazla deri ve ya\u011f dokusu al\u0131narak daha gen\u00e7 ve dinamik bir g\u00f6r\u00fcn\u00fcm elde edilir. Kombine olarak uygulanmas\u0131, y\u00fcz ifadesinde daha dengeli bir gen\u00e7le\u015fme sa\u011flar. Estetik kayg\u0131lar\u0131n \u00f6tesinde fonksiyonel faydalar da sa\u011flayan bu y\u00f6ntem, \u00f6zellikle g\u00f6rme alan\u0131nda daralma ya\u015fayan ki\u015filer i\u00e7in ciddi bir rahatlama sunar.<\/p>\n<p>G\u00fcn\u00fcm\u00fczde estetik cerrahi geli\u015fmeleri sayesinde bu operasyon daha konforlu hale gelmi\u015f ve iyile\u015fme s\u00fcreci k\u0131salm\u0131\u015ft\u0131r. G\u00f6z \u00e7evresindeki yap\u0131lar hassas oldu\u011fundan, i\u015flem uzman ellerde yap\u0131ld\u0131\u011f\u0131nda olduk\u00e7a ba\u015far\u0131l\u0131 sonu\u00e7lar verir. Do\u011fru \u015fekilde uygulanan kombine blefaroplasti, bireyin y\u00fcz ifadesini canland\u0131r\u0131rken do\u011fal g\u00f6r\u00fcn\u00fcm\u00fcn\u00fc de korur.<\/p>\n<h2>Kombine Blefaroplasti Hangi Durumlarda Uygulan\u0131r?<\/h2>\n<p>G\u00f6z \u00e7evresindeki ya\u015flanma belirtileri, baz\u0131 bireylerde sadece \u00fcst g\u00f6z kapa\u011f\u0131na s\u0131n\u0131rl\u0131 kal\u0131rken, \u00e7o\u011fu ki\u015fide hem alt hem \u00fcst kapakta deformasyon birlikte g\u00f6r\u00fcl\u00fcr. \u00d6zellikle \u00fcst kapaklarda meydana gelen deri fazlal\u0131\u011f\u0131, ka\u015fla g\u00f6z aras\u0131nda katlanmaya ve hatta g\u00f6z \u00fczerinde bir perde etkisi olu\u015fturarak g\u00f6r\u00fc\u015f\u00fc engellemeye ba\u015flar. Alt kapakta ise torbalanma, sarkma ve k\u0131r\u0131\u015f\u0131kl\u0131k daha belirgin hale gelir. Bu estetik ve fonksiyonel sorunlar\u0131n ayn\u0131 anda varl\u0131\u011f\u0131, kombine blefaroplasti i\u00e7in temel gerek\u00e7elerden biridir.<\/p>\n<p>Ayn\u0131 zamanda genetik fakt\u00f6rler, ya\u015fam tarz\u0131, uyku d\u00fczeni, g\u00fcne\u015f maruziyeti ve stres gibi unsurlar g\u00f6z \u00e7evresindeki ya\u015flanma s\u00fcrecini h\u0131zland\u0131rabilir. G\u00f6z altlar\u0131nda olu\u015fan torbalar, ki\u015fiye s\u00fcrekli yorgun ve uykusuz bir g\u00f6r\u00fcn\u00fcm verirken, \u00fcst kapaktaki sarkmalar y\u00fcz ifadesini sertle\u015ftirebilir. Her iki problemin birlikte ele al\u0131nmad\u0131\u011f\u0131 durumlarda, yap\u0131lan tek tarafl\u0131 m\u00fcdahale sonu\u00e7lar\u0131n eksik kalmas\u0131na neden olabilir. Bu nedenle y\u00fcz ifadesinin dengeli ve do\u011fal bir \u015fekilde gen\u00e7le\u015fmesi i\u00e7in kombine yakla\u015f\u0131m tercih edilir.<\/p>\n<p>Ayr\u0131ca baz\u0131 durumlarda g\u00f6z \u00e7evresinde olu\u015fan estetik de\u011fi\u015fimler, ki\u015fide psikolojik rahats\u0131zl\u0131k yaratabilir. Aynaya bak\u0131ld\u0131\u011f\u0131nda hissedilen memnuniyetsizlik, sosyal hayatta \u00f6zg\u00fcven kayb\u0131 ve estetik kayg\u0131lar kombine blefaroplastiyi gerekli k\u0131labilir. Hem estetik hem de i\u015flevsel nedenlerle ayn\u0131 seansta uygulanan bu cerrahi y\u00f6ntem, \u00e7ok y\u00f6nl\u00fc faydalar sunar.<\/p>\n<h2>Kombine Blefaroplasti Nas\u0131l Yap\u0131l\u0131r?<\/h2>\n<p>Cerrahi planlama s\u00fcreci, hastan\u0131n g\u00f6z \u00e7evresi anatomisinin dikkatli \u015fekilde de\u011ferlendirilmesiyle ba\u015flar. Her bireyin g\u00f6z yap\u0131s\u0131 farkl\u0131 oldu\u011fu i\u00e7in, i\u015flemin kapsam\u0131 ki\u015fiye \u00f6zel olarak belirlenir. Operasyon lokal veya genel anestezi alt\u0131nda ger\u00e7ekle\u015ftirilebilir. Genellikle bir bu\u00e7uk ila \u00fc\u00e7 saat aras\u0131nda s\u00fcren bu i\u015flem s\u0131ras\u0131nda hem \u00fcst hem de alt kapaklara m\u00fcdahale edilir.<\/p>\n<p>\u00dcst g\u00f6z kapa\u011f\u0131nda kesi, do\u011fal katlanma \u00e7izgisi \u00fczerinden yap\u0131l\u0131r. Bu sayede iyile\u015fme tamamland\u0131\u011f\u0131nda olu\u015fan iz, cilt k\u0131vr\u0131mlar\u0131 i\u00e7inde gizlenir. Fazla deri, kas dokusu ve birikmi\u015f ya\u011f al\u0131narak kapak daha gergin ve gen\u00e7 bir hale getirilir. Alt kapakta ise kesi genellikle kirpik \u00e7izgisine paralel olacak \u015fekilde ger\u00e7ekle\u015ftirilir. Torbalanmalara neden olan ya\u011f yast\u0131k\u00e7\u0131klar\u0131 \u00e7\u0131kar\u0131l\u0131r veya yeniden \u015fekillendirilir. Ayn\u0131 zamanda alt kapakta cilt fazlal\u0131\u011f\u0131 da al\u0131narak d\u00fcz bir g\u00f6r\u00fcn\u00fcm kazand\u0131r\u0131l\u0131r.<\/p>\n<p>T\u00fcm bu i\u015flemler s\u0131ras\u0131nda mimik kaslar\u0131na zarar verilmeden \u00e7al\u0131\u015f\u0131l\u0131r. Cerrah\u0131n deneyimi bu noktada b\u00fcy\u00fck \u00f6nem ta\u015f\u0131r. Cilt alt\u0131 diki\u015flerle yap\u0131lan kapama i\u015flemi sonras\u0131 g\u00f6z \u00e7evresi bandajlanabilir. Operasyon sonras\u0131 d\u00f6nemde \u015fi\u015flik ve morluk g\u00f6r\u00fclmesi do\u011fald\u0131r. Bu etkiler birka\u00e7 g\u00fcn i\u00e7inde azal\u0131r ve iyile\u015fme s\u00fcreci ba\u015flar. \u0130lk haftalarda dikkatli bak\u0131m uygulanmas\u0131, sonu\u00e7lar\u0131n daha ba\u015far\u0131l\u0131 olmas\u0131n\u0131 sa\u011flar.<\/p>\n<h2>Kombine Blefaroplasti Avantajlar\u0131 Nelerdir?<\/h2>\n<p>G\u00f6z \u00e7evresine uygulanan estetik m\u00fcdahalelerde, sadece bir b\u00f6lgeye odaklanmak genellikle yetersiz kalabilir. Hem alt hem \u00fcst kapa\u011fa ayn\u0131 anda yap\u0131lan m\u00fcdahale, y\u00fcz ifadesinde daha dengeli ve b\u00fct\u00fcnsel bir gen\u00e7le\u015fme sa\u011flar. Bu estetik uyum, kombine blefaroplastinin en belirgin avantajlar\u0131ndan biridir. Ayr\u0131ca tek seferde iki sorunun giderilmesi, hem maliyet hem de zaman a\u00e7\u0131s\u0131ndan avantaj yarat\u0131r.<\/p>\n<p>Ayn\u0131 seansta uygulanan operasyon sayesinde iyile\u015fme s\u00fcreci tek d\u00f6nemde tamamlan\u0131r. Bu da hastan\u0131n g\u00fcnl\u00fck hayat\u0131na daha k\u0131sa s\u00fcrede d\u00f6nebilmesini sa\u011flar. Operasyon sonras\u0131 elde edilen g\u00f6r\u00fcn\u00fcm daha uzun s\u00fcre korunur \u00e7\u00fcnk\u00fc alt ve \u00fcst kapak birlikte toparland\u0131\u011f\u0131nda, ya\u015flanma etkileri daha ge\u00e7 tekrar eder.<\/p>\n<p>Fonksiyonel faydalar da dikkate al\u0131nd\u0131\u011f\u0131nda, kombine blefaroplasti ile g\u00f6rme alan\u0131ndaki engeller kald\u0131r\u0131l\u0131r. \u00dcst kapakta sarkan derinin g\u00f6r\u00fc\u015f\u00fc kapatmas\u0131 sonucu ya\u015fanan g\u00f6rsel zorluklar bu m\u00fcdahale ile ortadan kalkar. Ki\u015fi yaln\u0131zca estetik olarak de\u011fil, g\u00fcnl\u00fck ya\u015fant\u0131s\u0131n\u0131 kolayla\u015ft\u0131racak \u015fekilde fonksiyonel a\u00e7\u0131dan da rahatlar.<\/p>\n<p>Ayr\u0131ca g\u00f6z \u00e7evresindeki gen\u00e7le\u015fme, ki\u015finin genel y\u00fcz ifadesini olumlu y\u00f6nde etkiler. Daha dinlenmi\u015f, enerjik ve \u00f6zg\u00fcvenli bir g\u00f6r\u00fcn\u00fcm elde edilir. T\u00fcm bu etkiler bir araya geldi\u011finde, kombine blefaroplastinin hem estetik hem de psikolojik a\u00e7\u0131dan \u00e7ok y\u00f6nl\u00fc avantajlar sundu\u011fu g\u00f6r\u00fcl\u00fcr.<\/p>\n<h2>Kimler Kombine G\u00f6z Kapa\u011f\u0131 Esteti\u011fi \u0130\u00e7in Uygun Adayd\u0131r?<\/h2>\n<p>G\u00f6z \u00e7evresindeki sarkma, torbalanma ve k\u0131r\u0131\u015f\u0131kl\u0131klardan rahats\u0131zl\u0131k duyan bireyler bu operasyon i\u00e7in de\u011ferlendirilir. \u00d6zellikle hem alt hem de \u00fcst kapakta deformasyon bulunan ki\u015filer, kombine m\u00fcdahale ile daha verimli sonu\u00e7lar elde edebilir. 35 ya\u015f ve \u00fczeri bireylerde ya\u015flanma belirtileri daha belirgin hale geldi\u011fi i\u00e7in bu ya\u015f grubu ideal adaylar aras\u0131nda yer al\u0131r.<\/p>\n<p>Cerrahi i\u015flem \u00f6ncesi genel sa\u011fl\u0131k durumu iyi olan, kronik hastal\u0131klar\u0131 kontrol alt\u0131nda bulunan ve iyile\u015fme s\u00fcrecine uyum g\u00f6sterebilecek ki\u015filer bu operasyon i\u00e7in uygundur. Ayn\u0131 zamanda ger\u00e7ek\u00e7i beklentilere sahip bireyler, operasyon sonras\u0131 memnuniyet d\u00fczeyi a\u00e7\u0131s\u0131ndan daha avantajl\u0131d\u0131r.<\/p>\n<p>Baz\u0131 ki\u015filerde genetik yatk\u0131nl\u0131k nedeniyle g\u00f6z \u00e7evresi ya\u015flanma belirtileri erken ya\u015fta ortaya \u00e7\u0131kabilir. Bu durumda ya\u015f kriterinden ba\u011f\u0131ms\u0131z olarak kombine blefaroplasti uygulanabilir. Her durumda uzman hekim de\u011ferlendirmesi ile karar verilmesi en sa\u011fl\u0131kl\u0131 yakla\u015f\u0131md\u0131r.<\/p>\n<h2>Kombine Blefaroplasti Sonras\u0131 \u0130yile\u015fme S\u00fcreci<\/h2>\n<p>Operasyon sonras\u0131nda ilk birka\u00e7 g\u00fcn hafif \u015fi\u015flik, morarma ve gerginlik hissi olu\u015fabilir. Bu belirtiler v\u00fccudun do\u011fal tepkileridir ve genellikle 5-7 g\u00fcn i\u00e7inde azal\u0131r. \u0130lk g\u00fcnlerde ba\u015f yukar\u0131da olacak \u015fekilde dinlenmek, buz uygulamalar\u0131 yapmak ve doktorun verdi\u011fi ila\u00e7lar\u0131 d\u00fczenli kullanmak iyile\u015fme s\u00fcrecini olumlu y\u00f6nde etkiler.<\/p>\n<p>Diki\u015fler genellikle 5-7 g\u00fcn i\u00e7inde al\u0131n\u0131r ve sonras\u0131nda ciltteki hassasiyet giderek azal\u0131r. Operasyondan sonraki ikinci haftada ki\u015fi b\u00fcy\u00fck oranda normal ya\u015fant\u0131s\u0131na d\u00f6nebilir. Ancak tamamen iyile\u015fme birka\u00e7 hafta s\u00fcrebilir. Bu d\u00f6nemde g\u00fcne\u015f \u0131\u015f\u0131\u011f\u0131ndan korunmak, makyaj \u00fcr\u00fcnlerinden uzak durmak ve g\u00f6z \u00e7evresine nazik davranmak b\u00fcy\u00fck \u00f6nem ta\u015f\u0131r.<\/p>\n<p>\u0130yile\u015fme tamamland\u0131\u011f\u0131nda g\u00f6z \u00e7evresi daha gen\u00e7, dinamik ve p\u00fcr\u00fczs\u00fcz bir g\u00f6r\u00fcn\u00fcme kavu\u015fur. Cerrah\u0131n \u00f6nerilerine harfiyen uyan bireylerde iyile\u015fme s\u00fcreci hem daha k\u0131sa hem de daha konforlu ge\u00e7er.<\/p>\n<h2>Ameliyat Sonras\u0131 Dikkat Edilmesi Gerekenler<\/h2>\n<p>Operasyon sonras\u0131 d\u00f6nemde ba\u015far\u0131l\u0131 sonu\u00e7lar elde etmek ve iyile\u015fme s\u00fcrecini sorunsuz ge\u00e7irmek i\u00e7in baz\u0131 kurallara uyulmas\u0131 gerekir. \u0130lk olarak, g\u00f6z \u00e7evresine bask\u0131 uygulamaktan ka\u00e7\u0131n\u0131lmal\u0131d\u0131r. G\u00f6zleri ovu\u015fturmak, a\u011f\u0131r kald\u0131rmak ya da \u00f6ne e\u011filerek yap\u0131lan i\u015fler \u00f6demin artmas\u0131na neden olabilir. \u0130lk g\u00fcnlerde istirahat \u00f6ncelikli olmal\u0131d\u0131r.<\/p>\n<p>G\u00fcne\u015f \u0131\u015f\u0131nlar\u0131ndan korunmak, diki\u015f b\u00f6lgelerinin koyula\u015fmas\u0131n\u0131 engellemek a\u00e7\u0131s\u0131ndan son derece \u00f6nemlidir. Bu nedenle d\u0131\u015far\u0131 \u00e7\u0131karken geni\u015f kenarl\u0131 \u015fapkalar veya UV korumal\u0131 g\u00fcne\u015f g\u00f6zl\u00fckleri tercih edilmelidir. Makyaj uygulamalar\u0131, \u00f6zellikle ilk 2 hafta boyunca kesinlikle yap\u0131lmamal\u0131d\u0131r. Enfeksiyon riski yaratabilecek kozmetik \u00fcr\u00fcnlerden uzak durulmas\u0131 gerekir.<\/p>\n<h2>Kombine Blefaroplasti Kal\u0131c\u0131 Bir \u0130\u015flem midir?<\/h2>\n<p>Yap\u0131lan cerrahi m\u00fcdahale, g\u00f6z kapa\u011f\u0131ndaki fazla deri ve ya\u011f dokusunun \u00e7\u0131kar\u0131lmas\u0131yla ger\u00e7ekle\u015ftirildi\u011fi i\u00e7in elde edilen sonu\u00e7lar uzun s\u00fcreli bir etki sunar. Ya\u015flanma s\u00fcreci tamamen durdurulamaz, ancak kombine blefaroplasti bu s\u00fcreci \u00f6nemli \u00f6l\u00e7\u00fcde yava\u015flat\u0131r. Operasyon sonras\u0131 g\u00f6z \u00e7evresi daha gen\u00e7 ve s\u0131k\u0131 bir yap\u0131ya kavu\u015ftu\u011fundan, ya\u015flanma belirtileri y\u0131llar boyunca g\u00f6zle g\u00f6r\u00fcl\u00fcr \u015fekilde tekrar etmez.<\/p>\n<p>Kal\u0131c\u0131l\u0131\u011f\u0131n s\u00fcresi ki\u015finin ya\u015fam tarz\u0131na, cilt yap\u0131s\u0131na ve genetik fakt\u00f6rlere ba\u011fl\u0131 olarak de\u011fi\u015febilir. G\u00fcne\u015ften korunma, d\u00fczenli cilt bak\u0131m\u0131 ve sa\u011fl\u0131kl\u0131 ya\u015fam al\u0131\u015fkanl\u0131klar\u0131 bu s\u00fcreci olumlu y\u00f6nde etkiler. Yap\u0131lan i\u015flem, genellikle 10 y\u0131la kadar etkinli\u011fini korur. Ancak zamanla yeni ya\u015flanma belirtileri olu\u015fursa, ilerleyen y\u0131llarda yenileyici i\u015flemler gerekebilir. Bu da kal\u0131c\u0131l\u0131\u011f\u0131n cerrahi a\u00e7\u0131dan g\u00fc\u00e7l\u00fc bir temele sahip oldu\u011funu, ancak do\u011fal s\u00fcrecin etkisinin her zaman g\u00f6z \u00f6n\u00fcnde bulundurulmas\u0131 gerekti\u011fini g\u00f6sterir.<\/p>\n<h2>\u0130z Kal\u0131r m\u0131? G\u00f6z Kapa\u011f\u0131nda Do\u011fall\u0131k Korunur mu?<\/h2>\n<p>Operasyonun do\u011fas\u0131 gere\u011fi cilt \u00fczerinde kesi uygulan\u0131r; ancak bu kesiler, g\u00f6z kapa\u011f\u0131n\u0131n do\u011fal katlanma \u00e7izgileri veya kirpik dipleri gibi gizli alanlara yerle\u015ftirildi\u011finden, iyile\u015fme sonras\u0131 izler genellikle fark edilmez. \u0130yile\u015fme tamamland\u0131\u011f\u0131nda cilt rengiyle b\u00fct\u00fcnle\u015fen bu ince \u00e7izgiler, d\u0131\u015far\u0131dan bak\u0131ld\u0131\u011f\u0131nda g\u00f6r\u00fcnmez hale gelir. Kimi bireylerde cilt yap\u0131s\u0131na ba\u011fl\u0131 olarak \u00e7ok hafif iz kalabilir; ancak bu izler zamanla silikle\u015fir ve g\u00fcnl\u00fck ya\u015famda dikkat \u00e7ekmez.<\/p>\n<p>G\u00f6z kapa\u011f\u0131 esteti\u011fi sonras\u0131 do\u011fall\u0131k b\u00fcy\u00fck \u00f6l\u00e7\u00fcde korunur. Cerrahi tekniklerin geli\u015fmi\u015f olmas\u0131 ve operasyonun ki\u015fiye \u00f6zel planlanmas\u0131 sayesinde mimikler etkilenmez, y\u00fcz ifadesi de\u011fi\u015fmez. Sadece yorgun ve ya\u015fl\u0131 g\u00f6r\u00fcnt\u00fc ortadan kalkar. Mimik kaslar\u0131na m\u00fcdahale edilmedi\u011finden, g\u00f6z \u00e7evresi dinamikli\u011fini ve hareket kabiliyetini korur. Operasyonun amac\u0131, y\u00fcz\u00fcn do\u011fal yap\u0131s\u0131n\u0131 bozmadan gen\u00e7le\u015ftirme sa\u011flamakt\u0131r; bu nedenle do\u011fru teknikle uyguland\u0131\u011f\u0131nda do\u011fall\u0131ktan \u00f6d\u00fcn verilmez.<\/p>\n<h2>\u00dcst ve Alt G\u00f6z Kapa\u011f\u0131 Ayn\u0131 Anda Al\u0131n\u0131r m\u0131? Riskli mi?<\/h2>\n<p>Estetik cerrahide \u00fcst ve alt g\u00f6z kapaklar\u0131na ayn\u0131 seansta m\u00fcdahale edilmesi yayg\u0131n olarak uygulan\u0131r ve bu y\u00f6ntem, t\u0131bbi olarak g\u00fcvenli kabul edilir. Kombine blefaroplasti, deneyimli bir cerrah taraf\u0131ndan yap\u0131ld\u0131\u011f\u0131nda ekstra bir risk olu\u015fturmaz. \u00dcst ve alt kapaklar birlikte de\u011ferlendirildi\u011finde, y\u00fcz ifadesinin tamam\u0131nda daha b\u00fct\u00fcnc\u00fcl bir gen\u00e7le\u015fme sa\u011flan\u0131r.<\/p>\n<p>Ayn\u0131 anda m\u00fcdahale edilmesinin baz\u0131 avantajlar\u0131 vard\u0131r. En \u00f6nemlisi, iyile\u015fme s\u00fcrecinin tek seferde ya\u015fanmas\u0131d\u0131r. Bu da hem zamandan tasarruf sa\u011flar hem de hasta i\u00e7in konforlu bir s\u00fcre\u00e7 sunar. Risklerin minimize edilmesi i\u00e7in cerrah\u0131n bu alanda deneyimli olmas\u0131 gerekir. Kanama kontrol\u00fc, doku b\u00fct\u00fcnl\u00fc\u011f\u00fcn\u00fcn korunmas\u0131 ve g\u00f6z kaslar\u0131na zarar verilmemesi gibi unsurlar, cerrahi ba\u015far\u0131y\u0131 etkileyen kritik fakt\u00f6rlerdir.<\/p>\n<p>Genel sa\u011fl\u0131k durumu iyi olan, cerrahiye uygunlu\u011fu uzman taraf\u0131ndan onaylanm\u0131\u015f bireylerde ayn\u0131 anda uygulanan bu operasyon g\u00fcvenli bir se\u00e7enek olarak \u00f6ne \u00e7\u0131kar. \u0130\u015flem \u00f6ncesi detayl\u0131 de\u011ferlendirme yap\u0131ld\u0131\u011f\u0131nda ve ki\u015fiye \u00f6zel planlama ger\u00e7ekle\u015ftirildi\u011finde risk seviyesi olduk\u00e7a d\u00fc\u015f\u00fckt\u00fcr.<\/p>\n<h2>Kombine Blefaroplasti Fiyatlar\u0131 2025<\/h2>\n<p>Operasyonun maliyeti, bir\u00e7ok farkl\u0131 de\u011fi\u015fkene ba\u011fl\u0131 olarak belirlenir. Uygulaman\u0131n kapsam\u0131, cerrah\u0131n deneyimi, kullan\u0131lacak teknikler, hastan\u0131n ihtiya\u00e7lar\u0131 ve operasyonun ger\u00e7ekle\u015ftirilece\u011fi merkezin sundu\u011fu hizmetler, fiyat \u00fczerinde do\u011frudan etkili olur. \u00d6zellikle hem \u00fcst hem alt g\u00f6z kapa\u011f\u0131na ayn\u0131 anda m\u00fcdahale edilecek olmas\u0131, i\u015flem s\u00fcresini ve cerrahi detaylar\u0131 art\u0131rabilir; bu da maliyeti \u015fekillendirir.<\/p>\n<p>Her bireyin g\u00f6z yap\u0131s\u0131 ve estetik ihtiyac\u0131 farkl\u0131 oldu\u011fundan, sabit bir fiyatland\u0131rma yapmak do\u011fru olmaz. Do\u011fru maliyet bilgisine ula\u015fmak i\u00e7in uzman de\u011ferlendirmesi ve ki\u015fiye \u00f6zel planlama yap\u0131lmas\u0131 gerekir.<\/p>\n<p>Kombine blefaroplasti fiyatlar\u0131 i\u00e7in hemen bize ula\u015f\u0131n.<\/p>\n<h3>Kombine Blefaroplasti Ka\u00e7 Saat S\u00fcrer?<\/h3>\n<p>Cerrahi s\u00fcrenin uzunlu\u011fu, operasyonun kapsam\u0131na ve hastan\u0131n g\u00f6z yap\u0131s\u0131na ba\u011fl\u0131 olarak de\u011fi\u015fiklik g\u00f6sterebilir. Genellikle hem \u00fcst hem alt g\u00f6z kapa\u011f\u0131na yap\u0131lan m\u00fcdahaleler ortalama 1,5 ila 3 saat aras\u0131nda tamamlan\u0131r. E\u011fer yaln\u0131zca hafif d\u00fczeyde bir doku al\u0131nacaksa i\u015flem daha k\u0131sa s\u00fcrebilir; ancak ileri seviyede deri sarkmas\u0131, torbalanma ve ya\u011f yast\u0131k\u00e7\u0131klar\u0131 varsa operasyon s\u00fcresi uzayabilir. Cerrah\u0131n deneyimi, tercih edilen teknikler ve hastan\u0131n g\u00f6z \u00e7evresindeki estetik ihtiya\u00e7lar\u0131 bu s\u00fcreyi do\u011frudan etkileyen fakt\u00f6rler aras\u0131ndad\u0131r. Operasyon s\u00fcresi uzun gibi g\u00f6r\u00fcnse de bu, hem estetik hem de fonksiyonel a\u00e7\u0131dan dengeli ve ba\u015far\u0131l\u0131 bir sonu\u00e7 elde edebilmek i\u00e7in gereklidir.<\/p>\n<h3>Ayn\u0131 G\u00fcn Taburcu Olunur mu?<\/h3>\n<p>Operasyon genellikle hastane ortam\u0131nda ger\u00e7ekle\u015ftirilse de \u00e7o\u011fu vakada ayn\u0131 g\u00fcn taburcu olmak m\u00fcmk\u00fcnd\u00fcr. Lokal anestezi veya hafif sedasyon alt\u0131nda yap\u0131lan i\u015flemlerden sonra, hastan\u0131n genel durumu stabille\u015fti\u011finde eve g\u00f6nderilmesi yayg\u0131n bir uygulamad\u0131r. Genel anestezi uygulanan durumlarda ise birka\u00e7 saatlik g\u00f6zlem s\u00fcreci gerekebilir. Ancak herhangi bir komplikasyon geli\u015fmedi\u011fi takdirde, hasta ayn\u0131 g\u00fcn i\u00e7erisinde hastaneden ayr\u0131labilir. Taburcu olunduktan sonra dikkat edilmesi gereken baz\u0131 kurallar ve bak\u0131m \u00f6nerileri bulunur. \u0130lk g\u00fcnlerde evde istirahat \u00f6nerilirken, so\u011fuk kompres uygulamalar\u0131 ve ila\u00e7 kullan\u0131m\u0131 plan dahilinde s\u00fcrd\u00fcr\u00fclmelidir.<\/p>\n<h3>\u015ei\u015flik ve Morluk Ne Kadar S\u00fcrer?<\/h3>\n<p>G\u00f6z \u00e7evresi, cildin en ince oldu\u011fu b\u00f6lgelerden biri oldu\u011fundan, cerrahi m\u00fcdahalelere hassas tepki verebilir. Bu nedenle i\u015flem sonras\u0131 olu\u015fan \u015fi\u015flik ve morluklar normaldir. Genellikle ilk 2-3 g\u00fcn i\u00e7erisinde bu etkiler en y\u00fcksek seviyeye ula\u015f\u0131r, ard\u0131ndan h\u0131zla azalmaya ba\u015flar. Ortalama olarak 7-10 g\u00fcn i\u00e7inde \u015fi\u015flik ve morluklar belirgin \u015fekilde hafifler. Kimi bireylerde bu s\u00fcre\u00e7 daha k\u0131sa s\u00fcrebilirken, cilt yap\u0131s\u0131na ve iyile\u015fme kapasitesine ba\u011fl\u0131 olarak 2 haftaya kadar uzayabilir. So\u011fuk uygulamalar, ba\u015f\u0131 y\u00fcksekte tutarak uyuma ve doktorun \u00f6nerdi\u011fi ila\u00e7lar bu s\u00fcrecin daha h\u0131zl\u0131 ve konforlu ge\u00e7mesine katk\u0131 sa\u011flar.<\/p>\n<h3>\u0130\u015fe D\u00f6n\u00fc\u015f S\u00fcresi Ne Kadard\u0131r?<\/h3>\n<p>Cerrahi sonras\u0131nda sosyal ya\u015fama ve i\u015f hayat\u0131na d\u00f6n\u00fc\u015f, ki\u015finin mesleki ko\u015fullar\u0131na ve iyile\u015fme h\u0131z\u0131na ba\u011fl\u0131 olarak de\u011fi\u015fir. Masa ba\u015f\u0131 \u00e7al\u0131\u015fanlar ya da fiziksel efor gerektirmeyen i\u015flerde g\u00f6rev yapan bireyler, genellikle 7-10 g\u00fcn i\u00e7inde i\u015fe d\u00f6nebilir. Ancak y\u00fcz b\u00f6lgesindeki morluklar tamamen ge\u00e7meden \u00f6nce baz\u0131 ki\u015filer sosyal ortamlardan uzak durmay\u0131 tercih edebilir. Fiziksel aktivite gerektiren i\u015flerde \u00e7al\u0131\u015fanlar i\u00e7in bu s\u00fcre biraz daha uzun olabilir. G\u00f6z \u00e7evresinin iyile\u015fme s\u00fcreci tamamlanmadan a\u011f\u0131r y\u00fck kald\u0131rmak, \u00f6ne e\u011filmek veya uzun s\u00fcre ekran kar\u015f\u0131s\u0131nda \u00e7al\u0131\u015fmak \u00f6nerilmez. Bu nedenle i\u015fe d\u00f6n\u00fc\u015f karar\u0131nda ki\u015fisel konfor, iyile\u015fme h\u0131z\u0131 ve doktorun \u00f6nerileri dikkate al\u0131nmal\u0131d\u0131r.<\/p>\n<h3>Kombine Blefaroplasti Sonras\u0131 Tekrar Ameliyat Gerekir mi?<\/h3>\n<p>Bu operasyon kal\u0131c\u0131 ve uzun vadeli sonu\u00e7lar sunar. Ancak ya\u015flanma s\u00fcreci devam etti\u011fi i\u00e7in zamanla g\u00f6z \u00e7evresinde yeniden baz\u0131 estetik de\u011fi\u015fiklikler meydana gelebilir. Bu de\u011fi\u015fimler genellikle y\u0131llar i\u00e7inde yava\u015f yava\u015f ortaya \u00e7\u0131kar ve \u00e7o\u011fu zaman ikinci bir ameliyat gerektirmez. Fakat ilerleyen d\u00f6nemde estetik beklentiler artarsa veya yeni bir deformasyon olu\u015fursa, yenileyici bir m\u00fcdahale planlanabilir. Tekrar ameliyat ihtiyac\u0131 tamamen ki\u015fisel fakt\u00f6rlere, ya\u015flanma h\u0131z\u0131na, cilt yap\u0131s\u0131na ve ya\u015fam tarz\u0131na ba\u011fl\u0131 olarak de\u011ferlendirilmelidir. \u0130lk operasyon do\u011fru teknikle ve deneyimli bir cerrah taraf\u0131ndan yap\u0131ld\u0131\u011f\u0131nda, elde edilen sonu\u00e7lar uzun s\u00fcre korunur ve \u00e7o\u011fu birey tekrar cerrahiye ihtiya\u00e7 duymaz.<\/p>\n","protected":false},"excerpt":{"rendered":"<p>Kombine Blefaroplasti Nedir? G\u00f6z kapaklar\u0131, y\u00fcz ifadesinin en belirgin unsurlar\u0131ndan biri oldu\u011fu i\u00e7in ya\u015flanman\u0131n izleri bu b\u00f6lgede daha erken fark edilir. Zamanla g\u00f6z kapa\u011f\u0131nda sarkma, torbalanma, k\u0131r\u0131\u015f\u0131kl\u0131klar ve cilt gev\u015femesi gibi belirtiler ortaya \u00e7\u0131kar. \u00dcst ve alt g\u00f6z kapaklar\u0131nda ayn\u0131 anda ya\u015fanan bu estetik de\u011fi\u015fim, hem yorgun bir ifade yarat\u0131r hem de baz\u0131 durumlarda g\u00f6rme [&hellip;]<\/p>\n","protected":false},"author":1,"featured_media":743,"comment_status":"open","ping_status":"open","sticky":false,"template":"","format":"standard","meta":{"footnotes":""},"categories":[14],"tags":[],"class_list":["post-744","post","type-post","status-publish","format-standard","has-post-thumbnail","hentry","category-yuz-estetigi"],"_links":{"self":[{"href":"https:\/\/www.privacyestetik.com\/tr\/wp-json\/wp\/v2\/posts\/744","targetHints":{"allow":["GET"]}}],"collection":[{"href":"https:\/\/www.privacyestetik.com\/tr\/wp-json\/wp\/v2\/posts"}],"about":[{"href":"https:\/\/www.privacyestetik.com\/tr\/wp-json\/wp\/v2\/types\/post"}],"author":[{"embeddable":true,"href":"https:\/\/www.privacyestetik.com\/tr\/wp-json\/wp\/v2\/users\/1"}],"replies":[{"embeddable":true,"href":"https:\/\/www.privacyestetik.com\/tr\/wp-json\/wp\/v2\/comments?post=744"}],"version-history":[{"count":1,"href":"https:\/\/www.privacyestetik.com\/tr\/wp-json\/wp\/v2\/posts\/744\/revisions"}],"predecessor-version":[{"id":884,"href":"https:\/\/www.privacyestetik.com\/tr\/wp-json\/wp\/v2\/posts\/744\/revisions\/884"}],"wp:featuredmedia":[{"embeddable":true,"href":"https:\/\/www.privacyestetik.com\/tr\/wp-json\/wp\/v2\/media\/743"}],"wp:attachment":[{"href":"https:\/\/www.privacyestetik.com\/tr\/wp-json\/wp\/v2\/media?parent=744"}],"wp:term":[{"taxonomy":"category","embeddable":true,"href":"https:\/\/www.privacyestetik.com\/tr\/wp-json\/wp\/v2\/categories?post=744"},{"taxonomy":"post_tag","embeddable":true,"href":"https:\/\/www.privacyestetik.com\/tr\/wp-json\/wp\/v2\/tags?post=744"}],"curies":[{"name":"wp","href":"https:\/\/api.w.org\/{rel}","templated":true}]}}