{"id":746,"date":"2025-11-06T12:28:39","date_gmt":"2025-11-06T09:28:39","guid":{"rendered":"https:\/\/www.privacyestetik.com\/kombine-yuz-boyun-germe\/"},"modified":"2025-11-10T15:12:58","modified_gmt":"2025-11-10T12:12:58","slug":"kombine-yuz-boyun-germe","status":"publish","type":"post","link":"https:\/\/www.privacyestetik.com\/tr\/kombine-yuz-boyun-germe\/","title":{"rendered":"Kombine Y\u00fcz-Boyun Germe"},"content":{"rendered":"<h2>Kombine Y\u00fcz-Boyun Germe Nedir?<\/h2>\n<p>Estetik cerrahi alan\u0131nda ya\u015flanma belirtilerine kar\u015f\u0131 geli\u015ftirilen en etkili y\u00f6ntemlerden biri olan kombine y\u00fcz-boyun germe, y\u00fcz ve boyun b\u00f6lgesinde ayn\u0131 anda gen\u00e7le\u015fme sa\u011flayan cerrahi bir i\u015flemdir. Zamanla cilt elastikiyetini kaybeder, y\u00fcz ovali bozulur, boyun b\u00f6lgesinde sarkma ve gev\u015feme meydana gelir. Bu estetik de\u011fi\u015fimler, ki\u015finin ya\u015f\u0131ndan daha b\u00fcy\u00fck g\u00f6r\u00fcnmesine sebep olabilir. Kombine uygulama sayesinde hem y\u00fcz hem de boyun b\u00f6lgesindeki ya\u015flanma belirtileri ayn\u0131 seansta giderilerek daha dengeli ve uyumlu bir g\u00f6r\u00fcn\u00fcm elde edilir.<\/p>\n<p>Y\u00fcz ve boyun b\u00f6lgesi, ya\u015flanman\u0131n en h\u0131zl\u0131 fark edildi\u011fi alanlard\u0131r. Bu nedenle sadece y\u00fcz\u00fc gen\u00e7le\u015ftirmek \u00e7o\u011fu zaman yeterli olmaz; boyun b\u00f6lgesindeki sarkmalar varl\u0131\u011f\u0131n\u0131 korudu\u011funda, yap\u0131lan m\u00fcdahale y\u00fcz ile b\u00fct\u00fcnl\u00fck sa\u011flamaz. Kombine y\u00fcz-boyun germe, bu problemi ortadan kald\u0131rarak y\u00fcz ile boyun aras\u0131ndaki estetik uyumu yeniden kurar. Cerrahi bir operasyon olan bu y\u00f6ntem, kal\u0131c\u0131 sonu\u00e7lar sunmas\u0131 a\u00e7\u0131s\u0131ndan da tercih edilir.<\/p>\n<p>Operasyon genel anestezi alt\u0131nda ger\u00e7ekle\u015ftirilir ve i\u015flemin kapsam\u0131na g\u00f6re 3 ila 6 saat aras\u0131nda s\u00fcrebilir. Hem y\u00fcz hem de boyun kas dokusu s\u0131k\u0131la\u015ft\u0131r\u0131larak ciltteki fazla dokular al\u0131n\u0131r. B\u00f6ylece sadece y\u00fcz de\u011fil, ayn\u0131 zamanda \u00e7ene alt\u0131 ve boyun hatt\u0131nda da belirgin bir toparlanma sa\u011flan\u0131r. Bu y\u00f6ntemle elde edilen gen\u00e7le\u015fme etkisi, genellikle uzun y\u0131llar boyunca korunur.<\/p>\n<h2>Y\u00fcz ve Boyun Neden Ayn\u0131 Anda Gerilir?<\/h2>\n<p>Ya\u015flanma s\u00fcreci y\u00fcz ve boyun b\u00f6lgesinde e\u015f zamanl\u0131 olarak ilerler. Cilt dokusunun gev\u015femesi, kolajen kayb\u0131 ve yer\u00e7ekiminin etkisi hem y\u00fcz hem de boyun konturunda deformasyona neden olur. Bu nedenle yaln\u0131zca y\u00fcz b\u00f6lgesine yap\u0131lan cerrahi m\u00fcdahaleler, genellikle yetersiz kalabilir. \u00d6zellikle \u00e7ene \u00e7izgisi ve boyun aras\u0131nda belirgin bir sarkma varsa, y\u00fcz gen\u00e7le\u015firken boyun ya\u015fl\u0131 g\u00f6r\u00fcnmeye devam edebilir.<\/p>\n<p>Bu durum estetik a\u00e7\u0131dan dengesiz bir g\u00f6r\u00fcnt\u00fcye yol a\u00e7ar. Kombine uygulama ise y\u00fcz ile boyun aras\u0131ndaki ge\u00e7i\u015fin do\u011fal g\u00f6r\u00fcnmesini sa\u011flar. Ayn\u0131 anda yap\u0131lan m\u00fcdahaleler, iyile\u015fme s\u00fcrecini de tek bir d\u00f6neme s\u0131k\u0131\u015ft\u0131rarak daha h\u0131zl\u0131 ve pratik bir sonu\u00e7 al\u0131nmas\u0131na katk\u0131 sa\u011flar. Ayr\u0131ca bu i\u015flem, ya\u015flanman\u0131n en net hissedildi\u011fi b\u00f6lgeleri ayn\u0131 anda hedef alarak, y\u00fcz ovaliyle birlikte boyun hatt\u0131n\u0131n da belirginle\u015fmesini m\u00fcmk\u00fcn k\u0131lar.<\/p>\n<p>G\u00fcn\u00fcm\u00fczde \u00f6zellikle orta ya\u015f ve \u00fczeri bireylerde, y\u00fcz-boyun b\u00f6lgesinin birlikte de\u011ferlendirilmesi en ideal sonu\u00e7lara ula\u015f\u0131lmas\u0131n\u0131 sa\u011flar. Operasyon sonras\u0131 ciltteki canl\u0131l\u0131k artar, k\u0131r\u0131\u015f\u0131kl\u0131klar azal\u0131r ve y\u00fcz konturu yeniden tan\u0131mlan\u0131r. Bu sebeple estetik cerrahide b\u00fct\u00fcnc\u00fcl yakla\u015f\u0131m\u0131n \u00f6nemi giderek artmaktad\u0131r.<\/p>\n<h2>Kombine Y\u00fcz-Boyun Germe Hangi Durumlarda Tercih Edilir?<\/h2>\n<p>Belirli estetik ve yap\u0131sal sorunlar, kombine y\u00fcz-boyun germe i\u015flemini gerekli hale getirir. \u00d6zellikle y\u00fcz b\u00f6lgesindeki sarkma, \u00e7izgi derinle\u015fmesi ve elastikiyet kayb\u0131 ile birlikte boyun b\u00f6lgesinde de deri fazlal\u0131\u011f\u0131, g\u0131d\u0131 olu\u015fumu veya kas gev\u015femesi mevcutsa, bu iki b\u00f6lgeye birlikte m\u00fcdahale edilmesi \u00f6nerilir. Tek ba\u015f\u0131na y\u00fcz germe ameliyat\u0131 bu durumlarda y\u00fcz\u00fc gen\u00e7le\u015ftirirken boyun ya\u015f\u0131n\u0131 ortaya koyabilir.<\/p>\n<p>\u0130lerleyen ya\u015fla birlikte \u00e7ene hatt\u0131 belirginli\u011fini yitirdi\u011finde ve y\u00fcz ovali bozuldu\u011funda, ki\u015fiye daha yorgun ve ya\u015fl\u0131 bir ifade yerle\u015fir. Boyundaki deformasyon da bu ifadeyi peki\u015ftirir. Kombine operasyon, y\u00fcz\u00fcn alt b\u00f6lgesiyle boyun aras\u0131ndaki ge\u00e7i\u015fi d\u00fczenleyerek gen\u00e7, dinamik ve daha do\u011fal bir g\u00f6r\u00fcn\u00fcm sa\u011flar. Ayr\u0131ca ge\u00e7mi\u015fte yaln\u0131zca tek b\u00f6lgeye m\u00fcdahale edilmi\u015f ki\u015filerde zamanla di\u011fer b\u00f6lgedeki ya\u015flanma fark edilir hale gelirse, kombine y\u00f6ntem ikinci bir \u00e7\u00f6z\u00fcm yolu sunabilir.<\/p>\n<p>Ayr\u0131ca baz\u0131 ki\u015filerde genetik yatk\u0131nl\u0131k nedeniyle ya\u015flanma s\u00fcreci daha erken ba\u015flayabilir. Bu durumda orta ya\u015f grubu bireylerde de kombine cerrahi m\u00fcdahale gerekebilir. Uzun s\u00fcreli bir gen\u00e7le\u015fme etkisi hedefleniyorsa ve daha belirgin bir de\u011fi\u015fim isteniyorsa, y\u00fcz ve boyun b\u00f6lgelerine ayn\u0131 anda yap\u0131lan germe i\u015flemi en uygun se\u00e7enek haline gelir.<\/p>\n<h2>Kombine Y\u00fcz-Boyun Germe Nas\u0131l Yap\u0131l\u0131r?<\/h2>\n<p>Operasyon genellikle genel anestezi alt\u0131nda ger\u00e7ekle\u015ftirilir. Cerrah, i\u015flem \u00f6ncesinde y\u00fcz ve boyun b\u00f6lgelerini detayl\u0131 \u015fekilde de\u011ferlendirerek hastan\u0131n ihtiya\u00e7lar\u0131na \u00f6zel bir planlama yapar. Cerrahi s\u0131ras\u0131nda sa\u00e7l\u0131 derinin arkas\u0131ndan veya kulak \u00e7evresinden yap\u0131lan kesilerle cilt kald\u0131r\u0131l\u0131r ve alttaki kas dokusu s\u0131k\u0131la\u015ft\u0131r\u0131l\u0131r. Fazla deri \u00e7\u0131kar\u0131ld\u0131ktan sonra cilt yeniden konumland\u0131r\u0131l\u0131r.<\/p>\n<p>Boyun b\u00f6lgesinde ise \u00f6zellikle \u00e7ene alt\u0131 k\u0131sm\u0131ndaki kaslar gerginle\u015ftirilir ve g\u0131d\u0131 g\u00f6r\u00fcn\u00fcm\u00fc ortadan kald\u0131r\u0131l\u0131r. Baz\u0131 durumlarda liposuction da e\u015f zamanl\u0131 olarak uygulanabilir. Bu sayede boyun hatt\u0131 daha keskin ve tan\u0131ml\u0131 bir hale getirilir. T\u00fcm bu i\u015flemler tamamland\u0131\u011f\u0131nda, cilt do\u011fal hatlar\u0131 koruyacak \u015fekilde kapat\u0131l\u0131r ve diki\u015f at\u0131l\u0131r.<\/p>\n<p>Operasyon s\u00fcresi ki\u015finin doku yap\u0131s\u0131na ve i\u015flem kapsam\u0131na g\u00f6re de\u011fi\u015fiklik g\u00f6sterse de genellikle 3 ila 6 saat aras\u0131nda s\u00fcrer. Hasta birka\u00e7 g\u00fcn i\u00e7inde taburcu edilebilir, ancak tam iyile\u015fme s\u00fcreci birka\u00e7 haftay\u0131 bulabilir. Bu s\u00fcre\u00e7te cerrah\u0131n \u00f6nerilerine uymak, iyile\u015fmenin kalitesini do\u011frudan etkiler.<\/p>\n<h2>Kimler Kombine Y\u00fcz-Boyun Germe \u0130\u00e7in Uygundur?<\/h2>\n<p>Orta ya\u015f ve \u00fczeri bireyler, bu i\u015flem i\u00e7in en uygun adaylar aras\u0131nda yer al\u0131r. \u00d6zellikle y\u00fcz ve boyun b\u00f6lgesinde belirgin elastikiyet kayb\u0131 olan, cilt sarkmalar\u0131 ya\u015fayan ve y\u00fcz konturunun netli\u011fini yitirdi\u011fini hisseden ki\u015filer i\u00e7in kombine germe i\u015flemi etkili bir \u00e7\u00f6z\u00fcmd\u00fcr. Ancak bu operasyon sadece estetik kayg\u0131yla de\u011fil, ayn\u0131 zamanda ki\u015finin genel sa\u011fl\u0131k durumu g\u00f6z \u00f6n\u00fcnde bulundurularak de\u011ferlendirilmelidir.<\/p>\n<p>Cerrahi m\u00fcdahale \u00f6ncesinde kronik hastal\u0131klar\u0131 kontrol alt\u0131nda olan, sigara kullanmayan ve iyile\u015fme s\u00fcrecine uyum g\u00f6sterebilecek bireylerde ba\u015far\u0131 oran\u0131 daha y\u00fcksektir. Cilt kalitesi iyi olan ve daha \u00f6nce cerrahi ge\u00e7irmemi\u015f ki\u015filerde operasyonun sonu\u00e7lar\u0131 daha belirgin \u015fekilde ortaya \u00e7\u0131kar. Yine de ge\u00e7mi\u015fte ba\u015fka estetik m\u00fcdahale ge\u00e7irmi\u015f bireyler i\u00e7in de uygun teknikle kombine y\u00fcz-boyun germe m\u00fcmk\u00fcnd\u00fcr.<\/p>\n<p>Genetik olarak erken ya\u015flanan bireylerde de bu operasyon ba\u015far\u0131l\u0131 sonu\u00e7lar verir. \u00d6nemli olan, ki\u015fisel beklentilerin do\u011fru \u015fekilde analiz edilmesi ve cerrah taraf\u0131ndan uygun planlaman\u0131n yap\u0131lmas\u0131d\u0131r. Her hastaya \u00f6zel tasarlanan yakla\u015f\u0131mlar sayesinde en do\u011fal ve dengeli g\u00f6r\u00fcn\u00fcm elde edilir.<\/p>\n<h2>Mini Germe ile Kombine Germe Aras\u0131ndaki Fark Nedir?<\/h2>\n<p>Y\u00fcz germe uygulamalar\u0131 aras\u0131nda yer alan mini germe, daha s\u0131n\u0131rl\u0131 bir m\u00fcdahaleyi ifade eder. Genellikle y\u00fcz\u00fcn alt b\u00f6lgesindeki hafif sarkmalar i\u00e7in tercih edilir ve daha k\u0131sa bir iyile\u015fme s\u00fcresi sunar. Mini germe, ya\u015flanman\u0131n \u00e7ok ileri boyutta olmad\u0131\u011f\u0131 durumlarda y\u00fcz ovalini toparlamak amac\u0131yla uygulan\u0131r. Bu y\u00f6ntem, gen\u00e7 ya\u015f grubundaki bireylerde veya daha \u00f6nce estetik operasyon ge\u00e7irmi\u015f ki\u015filerde yenileme i\u015flemi olarak kullan\u0131labilir.<\/p>\n<p>Buna kar\u015f\u0131n kombine y\u00fcz-boyun germe, hem y\u00fcz hem de boyun b\u00f6lgesine kapsaml\u0131 bir m\u00fcdahale yap\u0131lmas\u0131n\u0131 i\u00e7erir. Derin kas dokular\u0131na kadar inen bu i\u015flem, daha ileri ya\u015flanma belirtilerini hedef al\u0131r ve daha uzun s\u00fcreli bir gen\u00e7le\u015fme etkisi sunar. Mini germeye g\u00f6re cerrahi s\u00fcresi daha uzundur ve iyile\u015fme d\u00f6nemi de biraz daha fazla dikkat gerektirir.<\/p>\n<h2>Kombine Y\u00fcz-Boyun Germe Sonras\u0131 \u0130yile\u015fme S\u00fcreci<\/h2>\n<p>Cerrahi m\u00fcdahalenin ard\u0131ndan ba\u015flayan iyile\u015fme s\u00fcreci, elde edilecek sonu\u00e7lar\u0131n kalitesi a\u00e7\u0131s\u0131ndan b\u00fcy\u00fck \u00f6nem ta\u015f\u0131r. \u0130lk g\u00fcnlerde \u00f6dem, morluk ve hafif a\u011fr\u0131lar g\u00f6r\u00fclebilir. Bu etkiler, v\u00fccudun do\u011fal tepkisidir ve genellikle birka\u00e7 g\u00fcn i\u00e7inde azalmaya ba\u015flar. Hekim taraf\u0131ndan verilen ila\u00e7lar d\u00fczenli kullan\u0131ld\u0131\u011f\u0131nda bu s\u00fcrecin daha konforlu ge\u00e7mesi sa\u011flan\u0131r. Bandajlar ve pansumanlar, dokular\u0131n sabitlenmesine yard\u0131mc\u0131 olur ve iyile\u015fme s\u00fcrecinde destekleyici bir rol oynar.<\/p>\n<p>\u00c7o\u011fu hasta, operasyondan sonraki ilk haftada g\u00fcndelik aktivitelerine yava\u015f yava\u015f geri d\u00f6nebilir. Ancak tam iyile\u015fme birka\u00e7 haftay\u0131 bulabilir. Bu d\u00f6nemde a\u011f\u0131r egzersizlerden ka\u00e7\u0131nmak, do\u011frudan g\u00fcne\u015fe maruz kalmamak ve cerrah\u0131n \u00f6nerdi\u011fi bak\u0131m talimatlar\u0131na eksiksiz uymak gereklidir. \u00d6zellikle diki\u015f yerlerinin temiz tutulmas\u0131, enfeksiyon riskini \u00f6nlemek a\u00e7\u0131s\u0131ndan \u00f6nemlidir. Y\u00fcz ve boyun b\u00f6lgesindeki dokular tamamen oturdu\u011funda, sonu\u00e7lar daha net \u015fekilde kendini g\u00f6stermeye ba\u015flar.<\/p>\n<p>Genel olarak iyile\u015fme s\u00fcreci, ki\u015finin ya\u015f\u0131na, cilt yap\u0131s\u0131na, ya\u015fam tarz\u0131na ve yap\u0131lan i\u015flemin kapsam\u0131na ba\u011fl\u0131 olarak de\u011fi\u015fiklik g\u00f6sterebilir. Ancak do\u011fru bak\u0131m ile birlikte bu s\u00fcre\u00e7 olduk\u00e7a ba\u015far\u0131l\u0131 ve sorunsuz ilerler. Cerrah\u0131n kontrol muayeneleri, iyile\u015fmenin gidi\u015fat\u0131n\u0131 takip etmek ve olas\u0131 komplikasyonlar\u0131 erken fark etmek i\u00e7in \u00f6nemli bir s\u00fcre\u00e7tir.<\/p>\n<h2>Ameliyat Sonras\u0131 Do\u011fall\u0131k Korunur mu?<\/h2>\n<p>Estetik operasyonlar\u0131n en \u00e7ok merak edilen y\u00f6nlerinden biri, uygulama sonras\u0131 do\u011fall\u0131\u011f\u0131n kaybolup kaybolmayaca\u011f\u0131d\u0131r. Kombine y\u00fcz-boyun germe i\u015flemi, uzman ellerde ve y\u00fcz anatomisine uygun planland\u0131\u011f\u0131nda son derece do\u011fal sonu\u00e7lar verir. Cerrahi m\u00fcdahale s\u0131ras\u0131nda sadece sarkan ve gev\u015feyen dokular hedef al\u0131n\u0131r; y\u00fcz hatlar\u0131na zarar verilmez ve mimiklere m\u00fcdahale edilmez. Bu da do\u011fal ifadeyi koruyan bir gen\u00e7le\u015fme sa\u011flar.<\/p>\n<p>Y\u00fcz ve boyun konturunun yeniden tan\u0131mlanmas\u0131, y\u00fcz hatlar\u0131n\u0131n keskinle\u015fmesini sa\u011flar ancak ki\u015finin karakteristik g\u00f6r\u00fcn\u00fcm\u00fcnde yapay bir etki yaratmaz. Aksine, yorgun ve ya\u015fl\u0131 g\u00f6r\u00fcn\u00fcm yerini daha canl\u0131 ve dinamik bir ifadelere b\u0131rak\u0131r. Do\u011fal iyile\u015fme s\u00fcreciyle birlikte cilt alt\u0131ndaki dokular oturduk\u00e7a sonu\u00e7lar daha da belirginle\u015fir ve d\u0131\u015far\u0131dan bak\u0131ld\u0131\u011f\u0131nda ameliyat yap\u0131ld\u0131\u011f\u0131 anla\u015f\u0131lmayacak bir g\u00f6r\u00fcn\u00fcm elde edilir.<\/p>\n<p>\u00d6zellikle ki\u015fiye \u00f6zel cerrahi planlama ve uygun teknik se\u00e7imi sayesinde do\u011fall\u0131k en \u00fcst d\u00fczeyde korunur. A\u015f\u0131r\u0131 gerginlikten ka\u00e7\u0131n\u0131lan, y\u00fcz\u00fcn ya\u015f\u0131na uygun yeniden \u015fekillendirildi\u011fi uygulamalarda, d\u0131\u015far\u0131dan bak\u0131ld\u0131\u011f\u0131nda ki\u015finin sadece daha dinlenmi\u015f ve gen\u00e7le\u015fmi\u015f bir hali fark edilir.<\/p>\n<h2>Kombine Y\u00fcz-Boyun Germe Kal\u0131c\u0131 Bir \u00c7\u00f6z\u00fcm m\u00fc?<\/h2>\n<p>Uygulanan cerrahi m\u00fcdahale, ya\u015flanma belirtilerini geriye \u00e7eviren kal\u0131c\u0131 etkiler sunar. Ciltteki sarkmalar ve gev\u015feklikler giderildikten sonra, y\u00fcz ve boyun b\u00f6lgelerinde uzun s\u00fcreli bir gen\u00e7le\u015fme sa\u011flan\u0131r. Ancak ya\u015flanma s\u00fcreci devam eden do\u011fal bir s\u00fcre\u00e7tir. Bu nedenle zamanla yeniden baz\u0131 de\u011fi\u015fiklikler g\u00f6r\u00fclebilir. Fakat operasyonun etkisi, ki\u015finin ya\u015f\u0131na ve ya\u015fam tarz\u0131na ba\u011fl\u0131 olarak 10 y\u0131la kadar s\u00fcrebilir.<\/p>\n<p>Cerrahi sonras\u0131nda elde edilen sonu\u00e7lar\u0131n kal\u0131c\u0131l\u0131\u011f\u0131, cilt bak\u0131m\u0131, g\u00fcne\u015ften korunma, sa\u011fl\u0131kl\u0131 beslenme ve d\u00fczenli ya\u015fam tarz\u0131 ile do\u011frudan ili\u015fkilidir. Ayn\u0131 zamanda yap\u0131lan m\u00fcdahalenin kalitesi ve cilt alt\u0131 yap\u0131lar\u0131n ne kadar etkili \u015fekilde onar\u0131ld\u0131\u011f\u0131 da bu s\u00fcrecin uzunlu\u011funu belirleyen fakt\u00f6rler aras\u0131ndad\u0131r.<\/p>\n<p>Bu i\u015flemi yapt\u0131ran ki\u015filer, yeniden benzer bir m\u00fcdahaleye uzun y\u0131llar ihtiya\u00e7 duymazlar. G\u00f6zle g\u00f6r\u00fcl\u00fcr oranda ya\u015flanmay\u0131 geciktiren ve mevcut ya\u015f izlerini silen bu y\u00f6ntem, estetik cerrahide uzun s\u00fcreli \u00e7\u00f6z\u00fcmler arayan bireyler i\u00e7in ideal bir se\u00e7enek sunar.<\/p>\n<h2>\u0130\u015flem Sonras\u0131 \u0130z Kal\u0131r m\u0131?<\/h2>\n<p>Operasyon s\u0131ras\u0131nda yap\u0131lan kesiler, genellikle kulak arkas\u0131, sa\u00e7l\u0131 deri ve \u00e7ene alt\u0131 gibi do\u011fal k\u0131vr\u0131mlara gizlenir. Bu sayede iyile\u015fme tamamland\u0131\u011f\u0131nda izler neredeyse fark edilmez hale gelir. Uygulanan diki\u015f teknikleri ve kullan\u0131lan malzemeler, iz kalma ihtimalini en aza indirir. \u00d6zellikle ince cilt yap\u0131s\u0131na sahip bireylerde bile diki\u015f yerleri zamanla silikle\u015ferek ciltle b\u00fct\u00fcnle\u015fir.<\/p>\n<p>\u0130yile\u015fme d\u00f6neminde \u00f6nerilen bak\u0131m \u00fcr\u00fcnlerinin d\u00fczenli kullan\u0131m\u0131 ve cildin g\u00fcne\u015ften korunmas\u0131 da iz olu\u015fumunu engellemede \u00f6nemli rol oynar. Nadiren, ki\u015finin cilt yap\u0131s\u0131na ba\u011fl\u0131 olarak hafif iz kalabilir; ancak bu izler makyajla kapat\u0131labilecek kadar belirsiz olur. Genel olarak, i\u015flem sonras\u0131 kal\u0131c\u0131 ve dikkat \u00e7ekici bir iz kalmas\u0131 beklenmez.<\/p>\n<h2>Kombine Y\u00fcz-Boyun Germe Fiyatlar\u0131 2025<\/h2>\n<p>Operasyonun maliyeti bir\u00e7ok farkl\u0131 etkene ba\u011fl\u0131 olarak de\u011fi\u015fkenlik g\u00f6sterir. Uygulanan cerrahi tekni\u011fin detaylar\u0131, i\u015flemin kapsam\u0131, hekimin deneyimi ve operasyonun ger\u00e7ekle\u015ftirilece\u011fi merkez gibi fakt\u00f6rler fiyat\u0131 do\u011frudan etkiler. Ayr\u0131ca ki\u015finin ihtiya\u00e7 duydu\u011fu ek i\u015flemler veya \u00f6zel talepler de bu rakam \u00fczerinde belirleyici olabilir.<\/p>\n","protected":false},"excerpt":{"rendered":"<p>Kombine Y\u00fcz-Boyun Germe Nedir? Estetik cerrahi alan\u0131nda ya\u015flanma belirtilerine kar\u015f\u0131 geli\u015ftirilen en etkili y\u00f6ntemlerden biri olan kombine y\u00fcz-boyun germe, y\u00fcz ve boyun b\u00f6lgesinde ayn\u0131 anda gen\u00e7le\u015fme sa\u011flayan cerrahi bir i\u015flemdir. Zamanla cilt elastikiyetini kaybeder, y\u00fcz ovali bozulur, boyun b\u00f6lgesinde sarkma ve gev\u015feme meydana gelir. Bu estetik de\u011fi\u015fimler, ki\u015finin ya\u015f\u0131ndan daha b\u00fcy\u00fck g\u00f6r\u00fcnmesine sebep olabilir. Kombine [&hellip;]<\/p>\n","protected":false},"author":1,"featured_media":745,"comment_status":"open","ping_status":"open","sticky":false,"template":"","format":"standard","meta":{"footnotes":""},"categories":[14],"tags":[],"class_list":["post-746","post","type-post","status-publish","format-standard","has-post-thumbnail","hentry","category-yuz-estetigi"],"_links":{"self":[{"href":"https:\/\/www.privacyestetik.com\/tr\/wp-json\/wp\/v2\/posts\/746","targetHints":{"allow":["GET"]}}],"collection":[{"href":"https:\/\/www.privacyestetik.com\/tr\/wp-json\/wp\/v2\/posts"}],"about":[{"href":"https:\/\/www.privacyestetik.com\/tr\/wp-json\/wp\/v2\/types\/post"}],"author":[{"embeddable":true,"href":"https:\/\/www.privacyestetik.com\/tr\/wp-json\/wp\/v2\/users\/1"}],"replies":[{"embeddable":true,"href":"https:\/\/www.privacyestetik.com\/tr\/wp-json\/wp\/v2\/comments?post=746"}],"version-history":[{"count":1,"href":"https:\/\/www.privacyestetik.com\/tr\/wp-json\/wp\/v2\/posts\/746\/revisions"}],"predecessor-version":[{"id":883,"href":"https:\/\/www.privacyestetik.com\/tr\/wp-json\/wp\/v2\/posts\/746\/revisions\/883"}],"wp:featuredmedia":[{"embeddable":true,"href":"https:\/\/www.privacyestetik.com\/tr\/wp-json\/wp\/v2\/media\/745"}],"wp:attachment":[{"href":"https:\/\/www.privacyestetik.com\/tr\/wp-json\/wp\/v2\/media?parent=746"}],"wp:term":[{"taxonomy":"category","embeddable":true,"href":"https:\/\/www.privacyestetik.com\/tr\/wp-json\/wp\/v2\/categories?post=746"},{"taxonomy":"post_tag","embeddable":true,"href":"https:\/\/www.privacyestetik.com\/tr\/wp-json\/wp\/v2\/tags?post=746"}],"curies":[{"name":"wp","href":"https:\/\/api.w.org\/{rel}","templated":true}]}}