{"id":772,"date":"2025-11-06T13:53:41","date_gmt":"2025-11-06T10:53:41","guid":{"rendered":"https:\/\/www.privacyestetik.com\/ust-goz-kapagi-estetigi\/"},"modified":"2025-11-10T14:49:36","modified_gmt":"2025-11-10T11:49:36","slug":"ust-goz-kapagi-estetigi","status":"publish","type":"post","link":"https:\/\/www.privacyestetik.com\/tr\/ust-goz-kapagi-estetigi\/","title":{"rendered":"\u00dcst G\u00f6z Kapa\u011f\u0131 Esteti\u011fi"},"content":{"rendered":"<h2>\u00dcst G\u00f6z Kapa\u011f\u0131 Esteti\u011fi Nedir?<\/h2>\n<p>Y\u00fcz ifadesini do\u011frudan etkileyen b\u00f6lgelerden biri olan g\u00f6z kapaklar\u0131, ya\u015flanma, yer\u00e7ekimi ve genetik fakt\u00f6rler nedeniyle zamanla sarkabilir, hacmini kaybedebilir ve estetik a\u00e7\u0131dan yorgun bir g\u00f6r\u00fcn\u00fcm olu\u015fturabilir. Bu durumu d\u00fczeltmek amac\u0131yla uygulanan cerrahi i\u015flem, \u00fcst g\u00f6z kapa\u011f\u0131 esteti\u011fi olarak adland\u0131r\u0131l\u0131r. \u00dcst g\u00f6z kapa\u011f\u0131 esteti\u011fi, hem fonksiyonel hem de estetik ama\u00e7larla ger\u00e7ekle\u015ftirilebilir. Sarkm\u0131\u015f ya da gev\u015femi\u015f g\u00f6z kapa\u011f\u0131 derisi, sadece g\u00f6r\u00fcnt\u00fcy\u00fc de\u011fil, g\u00f6r\u00fc\u015f alan\u0131n\u0131 da etkileyebilir. Bu i\u015flem sayesinde hem gen\u00e7le\u015fmi\u015f bir g\u00f6r\u00fcn\u00fcm elde edilir hem de g\u00f6z \u00e7evresindeki yorgun ifade ortadan kalkar. \u00dcst g\u00f6z kapa\u011f\u0131 esteti\u011fi, y\u00fcz b\u00fct\u00fcnl\u00fc\u011f\u00fcn\u00fc bozmadan, do\u011fal bir sonu\u00e7 sunmay\u0131 ama\u00e7lar.<\/p>\n<h2>\u00dcst G\u00f6z Kapa\u011f\u0131 Esteti\u011fi Neden Yap\u0131l\u0131r?<\/h2>\n<p>G\u00f6z kapaklar\u0131ndaki deformasyonlar yaln\u0131zca estetik kayg\u0131lardan de\u011fil, ayn\u0131 zamanda i\u015flevsel nedenlerden dolay\u0131 da yap\u0131l\u0131r. \u00d6zellikle ya\u015f ilerledik\u00e7e, g\u00f6z kapa\u011f\u0131nda deri fazlal\u0131\u011f\u0131 olu\u015fur ve bu da ki\u015finin g\u00f6r\u00fc\u015f alan\u0131n\u0131 daraltabilir. \u00dcst g\u00f6z kapa\u011f\u0131 esteti\u011fi, bu deri fazlal\u0131\u011f\u0131n\u0131 ortadan kald\u0131rarak daha geni\u015f bir g\u00f6r\u00fc\u015f a\u00e7\u0131s\u0131 sunar. Ayr\u0131ca sarkm\u0131\u015f g\u00f6z kapaklar\u0131, bireye oldu\u011fundan daha ya\u015fl\u0131 ve yorgun bir g\u00f6r\u00fcn\u00fcm verir. Bu i\u015flem ile ki\u015filerin daha din\u00e7, zinde ve estetik a\u00e7\u0131dan dengeli bir y\u00fcz ifadesine kavu\u015fmas\u0131 sa\u011flan\u0131r. Ayn\u0131 zamanda makyaj yaparken ya\u015fanan zorluklar, g\u00f6z kapaklar\u0131ndaki a\u011f\u0131rl\u0131k hissi gibi \u015fikayetler de bu operasyon sonras\u0131nda ortadan kalkar.<\/p>\n<h2>Hangi Durumlarda \u00dcst G\u00f6z Kapa\u011f\u0131 Ameliyat\u0131 Gerekir?<\/h2>\n<p>\u00dcst g\u00f6z kapa\u011f\u0131nda belirgin sarkma, deri fazlal\u0131\u011f\u0131, torbalanma ya da elastikiyet kayb\u0131 g\u00f6r\u00fcld\u00fc\u011f\u00fcnde cerrahi m\u00fcdahale gerekebilir. Ki\u015finin g\u00f6rme alan\u0131nda daralma, ba\u015f a\u011fr\u0131s\u0131, ka\u015flar\u0131n\u0131 s\u00fcrekli kald\u0131rma ihtiyac\u0131 veya g\u00f6z yorgunlu\u011fu gibi \u015fikayetleri varsa, bu durum \u00fcst g\u00f6z kapa\u011f\u0131 esteti\u011fi ile d\u00fczeltilebilir. Genetik yatk\u0131nl\u0131k nedeniyle erken ya\u015fta bile bu t\u00fcr sorunlar olu\u015fabilir. Ayr\u0131ca daha \u00f6nce yap\u0131lm\u0131\u015f estetik uygulamalar\u0131n zamanla etkisini kaybetmesi ya da g\u00f6z kapa\u011f\u0131ndaki asimetri gibi estetik problemler de ameliyat\u0131 gerekli hale getirebilir. \u0130deal adaylar aras\u0131nda genel sa\u011fl\u0131k durumu iyi olan, ger\u00e7ek\u00e7i beklentilere sahip bireyler yer al\u0131r.<\/p>\n<h2>\u00dcst G\u00f6z Kapa\u011f\u0131 Esteti\u011fi Nas\u0131l Yap\u0131l\u0131r?<\/h2>\n<p>\u0130\u015flem genellikle lokal anestezi alt\u0131nda ger\u00e7ekle\u015ftirilir ve ortalama 30 ila 60 dakika s\u00fcrer. Ameliyat \u00f6ncesinde g\u00f6z kapa\u011f\u0131nda \u00e7\u0131kar\u0131lmas\u0131 gereken deri miktar\u0131 ve operasyon s\u0131n\u0131rlar\u0131 detayl\u0131 olarak belirlenir. Cerrahi m\u00fcdahale s\u0131ras\u0131nda, \u00fcst g\u00f6z kapa\u011f\u0131ndaki fazla deri, ya\u011f dokusu ve gerekirse kas dokusu \u00e7\u0131kar\u0131l\u0131r. Kesiler do\u011fal katlanma \u00e7izgisi boyunca yap\u0131ld\u0131\u011f\u0131 i\u00e7in iyile\u015fme sonras\u0131 izler neredeyse g\u00f6r\u00fcnmez hale gelir. \u0130\u015flem sonras\u0131 g\u00f6z \u00e7evresinde hafif morluk, \u015fi\u015flik ve gerginlik hissi olabilir; bu etkiler genellikle 5\u20137 g\u00fcn i\u00e7inde azal\u0131r. Diki\u015fler ise yakla\u015f\u0131k 1 hafta sonra al\u0131n\u0131r. Ameliyat sonras\u0131 d\u00f6nemde \u00f6nerilen bak\u0131m kurallar\u0131na dikkat edildi\u011finde, iyile\u015fme s\u00fcreci h\u0131zl\u0131 ve konforlu ge\u00e7er.<\/p>\n<h2>Ameliyats\u0131z \u00dcst G\u00f6z Kapa\u011f\u0131 Esteti\u011fi M\u00fcmk\u00fcn m\u00fc?<\/h2>\n<p>Cerrahi m\u00fcdahaleye gerek kalmadan, hafif d\u00fczeydeki sarkma ve k\u0131r\u0131\u015f\u0131kl\u0131klar\u0131 gidermek amac\u0131yla baz\u0131 ameliyats\u0131z y\u00f6ntemler de uygulanabilir. Bunlar aras\u0131nda lazerle cilt yenileme, plazma enerjisiyle s\u0131k\u0131la\u015ft\u0131rma (plazmapen), radyofrekans uygulamalar\u0131 ve botoks gibi teknikler yer al\u0131r. Ancak bu y\u00f6ntemlerin etkisi s\u0131n\u0131rl\u0131 olup, daha \u00e7ok erken evre deformasyonlarda tercih edilir. Ciddi deri fazlal\u0131\u011f\u0131 ya da torbalanma s\u00f6z konusu oldu\u011funda, yaln\u0131zca cerrahi m\u00fcdahale kal\u0131c\u0131 ve etkili sonu\u00e7lar sunar. Ameliyats\u0131z i\u015flemler, cerrahiyi geciktirici ve destekleyici nitelikte olabilir, ancak alternatif olarak de\u011ferlendirilmemelidir.<\/p>\n<h2>\u00dcst G\u00f6z Kapa\u011f\u0131 Esteti\u011fi Ne Kadar S\u00fcrer?<\/h2>\n<p>\u0130\u015flem s\u00fcresi, uygulaman\u0131n kapsam\u0131na ve ki\u015finin g\u00f6z yap\u0131s\u0131na g\u00f6re de\u011fi\u015fmekle birlikte genellikle 30 ila 60 dakika aras\u0131nda tamamlan\u0131r. Sadece \u00fcst g\u00f6z kapa\u011f\u0131na m\u00fcdahale edilen durumlarda s\u00fcre daha k\u0131sa olurken, alt g\u00f6z kapa\u011f\u0131 ya da ka\u015f kald\u0131rma gibi i\u015flemlerle kombine edilirse i\u015flem s\u00fcresi uzayabilir. Ameliyat lokal anestezi alt\u0131nda ger\u00e7ekle\u015ftirilse de baz\u0131 durumlarda sedasyon ya da genel anestezi tercih edilebilir. H\u0131zl\u0131 ve kontroll\u00fc bir operasyon olmas\u0131, hastalar\u0131n ayn\u0131 g\u00fcn taburcu edilmesini m\u00fcmk\u00fcn k\u0131lar.<\/p>\n<h2>\u0130yile\u015fme S\u00fcreci ve Dikkat Edilmesi Gerekenler<\/h2>\n<p>\u0130yile\u015fme s\u00fcreci genellikle konforlu ve h\u0131zl\u0131d\u0131r. Ameliyattan sonra ilk birka\u00e7 g\u00fcn g\u00f6z \u00e7evresinde \u015fi\u015flik, morluk ve hafif hassasiyet olu\u015fabilir. Bu durum, so\u011fuk kompres uygulamalar\u0131 ve doktorun \u00f6nerdi\u011fi ila\u00e7larla k\u0131sa s\u00fcrede hafifletilir. \u0130lk hafta boyunca g\u00f6zleri zorlayacak aktivitelerden, makyajdan ve g\u00fcne\u015f \u0131\u015f\u0131\u011f\u0131ndan ka\u00e7\u0131n\u0131lmas\u0131 \u00f6nerilir. Diki\u015fler genellikle 5\u20137 g\u00fcn i\u00e7inde al\u0131n\u0131r ve bu s\u00fcre\u00e7ten sonra ki\u015filer i\u015f ve sosyal hayatlar\u0131na d\u00f6nebilir. G\u00f6z \u00e7evresine yap\u0131lacak nazik masajlar ve g\u00fcne\u015f koruyucu kremler, iyile\u015fmeyi h\u0131zland\u0131r\u0131r ve iz olu\u015fumunu en aza indirir. Tam sonu\u00e7lar\u0131n ortaya \u00e7\u0131kmas\u0131 ise ortalama 4\u20136 haftay\u0131 bulabilir.<\/p>\n<h2>\u00dcst G\u00f6z Kapa\u011f\u0131 Esteti\u011fi Kal\u0131c\u0131 m\u0131?<\/h2>\n<p>Yap\u0131lan i\u015flem, ya\u015fla birlikte ortaya \u00e7\u0131kan de\u011fi\u015fimleri geri \u00e7evirmek amac\u0131yla uyguland\u0131\u011f\u0131 i\u00e7in sonu\u00e7lar\u0131 uzun s\u00fcrelidir. Genellikle 8 ila 10 y\u0131l kal\u0131c\u0131l\u0131\u011f\u0131n\u0131 korur. Ancak ya\u015flanma s\u00fcreci devam etti\u011fi i\u00e7in zamanla ciltte yeniden elastikiyet kayb\u0131 g\u00f6r\u00fclebilir. Bu durumda tekrar bir m\u00fcdahale gerekebilir, ancak bir\u00e7ok ki\u015fi i\u00e7in tek bir operasyon uzun y\u0131llar yeterli olur. Sa\u011fl\u0131kl\u0131 bir ya\u015fam tarz\u0131, cilt bak\u0131m\u0131na \u00f6zen g\u00f6stermek ve g\u00fcne\u015ften korunmak, estetik sonu\u00e7lar\u0131n s\u00fcresini uzatmada etkili olur.<\/p>\n<h2>Ameliyat Sonras\u0131 \u0130z Kal\u0131r m\u0131?<\/h2>\n<p>\u00dcst g\u00f6z kapa\u011f\u0131 esteti\u011finde yap\u0131lan kesiler, do\u011fal katlanma \u00e7izgisi i\u00e7ine gizlendi\u011fi i\u00e7in izler zamanla neredeyse g\u00f6r\u00fcnmez hale gelir. Kullan\u0131lan diki\u015f teknikleri sayesinde iyile\u015fme s\u00fcreci tamamland\u0131\u011f\u0131nda, d\u0131\u015far\u0131dan bak\u0131ld\u0131\u011f\u0131nda fark edilecek bir iz kalmaz. Ancak izlerin tamamen silinmesi ki\u015finin cilt yap\u0131s\u0131na, iyile\u015fme s\u00fcrecine g\u00f6sterdi\u011fi \u00f6zen ve genetik yatk\u0131nl\u0131\u011fa ba\u011fl\u0131 olarak de\u011fi\u015febilir. D\u00fczenli bak\u0131m ve hekimin \u00f6nerilerine uyum, iz olu\u015fumunu minimuma indirir.<\/p>\n<h2>\u00dcst G\u00f6z Kapa\u011f\u0131 Esteti\u011fi Riskleri Var m\u0131?<\/h2>\n<p>Her cerrahi i\u015flemde oldu\u011fu gibi, \u00fcst g\u00f6z kapa\u011f\u0131 esteti\u011fi de baz\u0131 riskler ta\u015f\u0131yabilir. Ancak bu riskler, deneyimli bir cerrah taraf\u0131ndan yap\u0131ld\u0131\u011f\u0131nda son derece d\u00fc\u015f\u00fck d\u00fczeydedir. Olas\u0131 komplikasyonlar aras\u0131nda enfeksiyon, kanama, asimetri, g\u00f6z kurulu\u011fu, ge\u00e7ici g\u00f6rme bulan\u0131kl\u0131\u011f\u0131 ve kesi hatt\u0131nda iyile\u015fme problemleri say\u0131labilir. Bu riskler do\u011fru hekim se\u00e7imi, uygun teknik kullan\u0131m\u0131 ve i\u015flem sonras\u0131 \u00f6nerilere dikkat edilmesiyle b\u00fcy\u00fck oranda \u00f6nlenebilir. G\u00f6z kapa\u011f\u0131 b\u00f6lgesi hassas bir yap\u0131 oldu\u011fu i\u00e7in uygulaman\u0131n uzman bir plastik cerrah ya da g\u00f6z esteti\u011fi konusunda deneyimli bir hekim taraf\u0131ndan yap\u0131lmas\u0131 \u00f6nemlidir.<\/p>\n<h2>\u00dcst G\u00f6z Kapa\u011f\u0131 Esteti\u011fi Yorumlar\u0131 ve Sonu\u00e7lar<\/h2>\n<p>\u0130\u015flemi yapt\u0131ran ki\u015filer genellikle y\u00fcz ifadelerindeki de\u011fi\u015fimi ve daha gen\u00e7, din\u00e7 bir g\u00f6r\u00fcn\u00fcm elde etmeyi en b\u00fcy\u00fck kazan\u0131m olarak ifade ederler. Estetik kayg\u0131lar\u0131n giderilmesinin yan\u0131 s\u0131ra, baz\u0131 hastalarda g\u00f6rme alan\u0131ndaki a\u00e7\u0131lman\u0131n g\u00fcnl\u00fck ya\u015fam kalitesini art\u0131rd\u0131\u011f\u0131 da s\u0131kl\u0131kla dile getirilir. Operasyon sonras\u0131 elde edilen sonu\u00e7lar, \u00f6zellikle morluklar ge\u00e7tikten ve dokular oturduktan sonra net \u015fekilde fark edilir. Foto\u011fraf \u00f6ncesi ve sonras\u0131 kar\u015f\u0131la\u015ft\u0131rmalar, g\u00f6z \u00e7evresindeki fark\u0131 \u00e7arp\u0131c\u0131 \u015fekilde ortaya koyar. Bu da i\u015flemi d\u00fc\u015f\u00fcnen bireyler i\u00e7in cesaret verici bir geri bildirim olu\u015fturur.<\/p>\n<h2>\u00dcst G\u00f6z Kapa\u011f\u0131 Esteti\u011fi Fiyatlar\u0131 2025<\/h2>\n<p>\u00dcst g\u00f6z kapa\u011f\u0131 esteti\u011finin maliyeti, uygulaman\u0131n yap\u0131ld\u0131\u011f\u0131 klini\u011fin donan\u0131m\u0131, i\u015flemi ger\u00e7ekle\u015ftiren hekimin tecr\u00fcbesi ve m\u00fcdahale edilecek alan\u0131n kapsam\u0131na g\u00f6re de\u011fi\u015fiklik g\u00f6sterebilir. Sadece \u00fcst kapa\u011fa yap\u0131lan m\u00fcdahale ile alt kapak ya da ka\u015f kald\u0131rma gibi ek i\u015flemlerle yap\u0131lan kombine uygulamalar aras\u0131nda fiyat fark\u0131 olabilir. Kullan\u0131lan teknik, i\u015flem s\u00fcresi ve i\u015flem sonras\u0131 bak\u0131m hizmetleri de fiyatland\u0131rmada etkili fakt\u00f6rlerdendir. Bu nedenle net bir fiyat bilgisi verilebilmesi i\u00e7in ki\u015fisel de\u011ferlendirme gereklidir. \u00dcst g\u00f6z kapa\u011f\u0131 esteti\u011fi fiyatlar\u0131 i\u00e7in hemen bize ula\u015f\u0131n.<\/p>\n<h3>\u00dcst g\u00f6z kapa\u011f\u0131 esteti\u011fi ka\u00e7 ya\u015f\u0131nda yap\u0131l\u0131r?<\/h3>\n<p>Bu i\u015flem i\u00e7in belirli bir ya\u015f s\u0131n\u0131r\u0131 olmamakla birlikte, genellikle 35 ya\u015f ve sonras\u0131nda tercih edilir. Bu ya\u015flardan itibaren cilt elastikiyetinin azalmas\u0131, yer\u00e7ekiminin etkisiyle g\u00f6z kapaklar\u0131nda sarkma, torbalanma ve yorgun ifade ortaya \u00e7\u0131kabilir. Ancak genetik yatk\u0131nl\u0131k nedeniyle daha gen\u00e7 ya\u015flarda da ihtiya\u00e7 duyulabilir. \u00d6nemli olan, ki\u015finin genel sa\u011fl\u0131k durumunun iyi olmas\u0131 ve operasyon i\u00e7in uygun aday kriterlerini ta\u015f\u0131mas\u0131d\u0131r.<\/p>\n<h3>\u0130\u015flem sonras\u0131 morluk ve \u015fi\u015flik ne kadar s\u00fcrer?<\/h3>\n<p>Ameliyat sonras\u0131 ilk 2\u20133 g\u00fcn i\u00e7inde g\u00f6z \u00e7evresinde hafif ila orta d\u00fczeyde morluk ve \u015fi\u015flik olu\u015fabilir. Bu etkiler genellikle 5 ila 7 g\u00fcn i\u00e7inde b\u00fcy\u00fck oranda azal\u0131r. Tam iyile\u015fme ve cilt dokusunun oturmas\u0131 ise 2 ila 4 hafta aras\u0131nda ger\u00e7ekle\u015fir. So\u011fuk kompres, ba\u015f\u0131 y\u00fcksek pozisyonda tutmak ve doktorun \u00f6nerilerine uymak iyile\u015fme s\u00fcrecini h\u0131zland\u0131r\u0131r.<\/p>\n<h3>G\u00f6z kapa\u011f\u0131 esteti\u011fi sonras\u0131 makyaj ne zaman yap\u0131l\u0131r?<\/h3>\n<p>\u0130yile\u015fme s\u00fcrecinin sa\u011fl\u0131kl\u0131 ilerlemesi i\u00e7in i\u015flem sonras\u0131 ilk 10 g\u00fcn boyunca g\u00f6z kapa\u011f\u0131na makyaj yap\u0131lmamas\u0131 \u00f6nerilir. Bu s\u00fcre\u00e7te diki\u015f yerlerinin tamamen iyile\u015fmesi beklenir. Genellikle diki\u015flerin al\u0131nmas\u0131ndan ve cilt dokusunun toparlanmas\u0131ndan sonra, yani 10\u201314 g\u00fcn sonras\u0131nda makyaj yap\u0131labilir. Ancak kullan\u0131lacak \u00fcr\u00fcnlerin temiz i\u00e7erikli ve hipoalerjenik olmas\u0131na dikkat edilmelidir.<\/p>\n<h3>G\u00f6rme bozuklu\u011fu riski var m\u0131?<\/h3>\n<p>Deneyimli bir cerrah taraf\u0131ndan uyguland\u0131\u011f\u0131nda, \u00fcst g\u00f6z kapa\u011f\u0131 esteti\u011finde kal\u0131c\u0131 g\u00f6rme kayb\u0131 riski son derece d\u00fc\u015f\u00fckt\u00fcr. Nadiren ge\u00e7ici bulan\u0131k g\u00f6rme veya g\u00f6z kurulu\u011fu gibi \u015fikayetler g\u00f6r\u00fclebilir, ancak bu etkiler genellikle k\u0131sa s\u00fcrelidir ve kendili\u011finden ge\u00e7er. \u0130\u015flem \u00f6ncesi detayl\u0131 de\u011ferlendirme yap\u0131lmas\u0131 ve operasyon sonras\u0131 bak\u0131m kurallar\u0131na dikkat edilmesi, olas\u0131 riskleri minimuma indirir.<\/p>\n<h3>\u00dcst g\u00f6z kapa\u011f\u0131 esteti\u011fi SGK kar\u015f\u0131l\u0131yor mu?<\/h3>\n<p>Bu durum, i\u015flemin yap\u0131lma amac\u0131na g\u00f6re de\u011fi\u015fir. E\u011fer \u00fcst g\u00f6z kapa\u011f\u0131ndaki sarkma ki\u015finin g\u00f6rme alan\u0131n\u0131 k\u0131s\u0131tl\u0131yor, ya\u015fam kalitesini d\u00fc\u015f\u00fcr\u00fcyor ve fonksiyonel bir sorun yarat\u0131yorsa, baz\u0131 kamu hastanelerinde ya da \u00fcniversite hastanelerinde i\u015flem SGK kapsam\u0131nda de\u011ferlendirilebilir. Ancak yaln\u0131zca estetik ama\u00e7l\u0131 yap\u0131lacak uygulamalar genellikle SGK taraf\u0131ndan kar\u015f\u0131lanmaz. Net bilgi i\u00e7in hastane ve doktorla \u00f6n de\u011ferlendirme yap\u0131lmal\u0131d\u0131r.<\/p>\n<h3>\u00dcst g\u00f6z kapa\u011f\u0131 esteti\u011fi fiyatlar\u0131 neye g\u00f6re de\u011fi\u015fir?<\/h3>\n<p>Fiyatland\u0131rma, i\u015flemi uygulayacak hekimin deneyimi, klini\u011fin donan\u0131m\u0131 ve i\u015flem kapsam\u0131na g\u00f6re de\u011fi\u015fiklik g\u00f6sterir. \u00dcst g\u00f6z kapa\u011f\u0131 esteti\u011fi fiyatlar\u0131 i\u00e7in hemen bize ula\u015f\u0131n.<\/p>\n","protected":false},"excerpt":{"rendered":"<p>\u00dcst G\u00f6z Kapa\u011f\u0131 Esteti\u011fi Nedir? Y\u00fcz ifadesini do\u011frudan etkileyen b\u00f6lgelerden biri olan g\u00f6z kapaklar\u0131, ya\u015flanma, yer\u00e7ekimi ve genetik fakt\u00f6rler nedeniyle zamanla sarkabilir, hacmini kaybedebilir ve estetik a\u00e7\u0131dan yorgun bir g\u00f6r\u00fcn\u00fcm olu\u015fturabilir. Bu durumu d\u00fczeltmek amac\u0131yla uygulanan cerrahi i\u015flem, \u00fcst g\u00f6z kapa\u011f\u0131 esteti\u011fi olarak adland\u0131r\u0131l\u0131r. \u00dcst g\u00f6z kapa\u011f\u0131 esteti\u011fi, hem fonksiyonel hem de estetik ama\u00e7larla ger\u00e7ekle\u015ftirilebilir. [&hellip;]<\/p>\n","protected":false},"author":1,"featured_media":771,"comment_status":"open","ping_status":"open","sticky":false,"template":"","format":"standard","meta":{"footnotes":""},"categories":[14],"tags":[],"class_list":["post-772","post","type-post","status-publish","format-standard","has-post-thumbnail","hentry","category-yuz-estetigi"],"_links":{"self":[{"href":"https:\/\/www.privacyestetik.com\/tr\/wp-json\/wp\/v2\/posts\/772","targetHints":{"allow":["GET"]}}],"collection":[{"href":"https:\/\/www.privacyestetik.com\/tr\/wp-json\/wp\/v2\/posts"}],"about":[{"href":"https:\/\/www.privacyestetik.com\/tr\/wp-json\/wp\/v2\/types\/post"}],"author":[{"embeddable":true,"href":"https:\/\/www.privacyestetik.com\/tr\/wp-json\/wp\/v2\/users\/1"}],"replies":[{"embeddable":true,"href":"https:\/\/www.privacyestetik.com\/tr\/wp-json\/wp\/v2\/comments?post=772"}],"version-history":[{"count":1,"href":"https:\/\/www.privacyestetik.com\/tr\/wp-json\/wp\/v2\/posts\/772\/revisions"}],"predecessor-version":[{"id":879,"href":"https:\/\/www.privacyestetik.com\/tr\/wp-json\/wp\/v2\/posts\/772\/revisions\/879"}],"wp:featuredmedia":[{"embeddable":true,"href":"https:\/\/www.privacyestetik.com\/tr\/wp-json\/wp\/v2\/media\/771"}],"wp:attachment":[{"href":"https:\/\/www.privacyestetik.com\/tr\/wp-json\/wp\/v2\/media?parent=772"}],"wp:term":[{"taxonomy":"category","embeddable":true,"href":"https:\/\/www.privacyestetik.com\/tr\/wp-json\/wp\/v2\/categories?post=772"},{"taxonomy":"post_tag","embeddable":true,"href":"https:\/\/www.privacyestetik.com\/tr\/wp-json\/wp\/v2\/tags?post=772"}],"curies":[{"name":"wp","href":"https:\/\/api.w.org\/{rel}","templated":true}]}}