{"id":817,"date":"2025-11-07T11:55:28","date_gmt":"2025-11-07T08:55:28","guid":{"rendered":"https:\/\/www.privacyestetik.com\/gomulu-dis\/"},"modified":"2025-11-12T15:14:00","modified_gmt":"2025-11-12T12:14:00","slug":"gomulu-dis","status":"publish","type":"post","link":"https:\/\/www.privacyestetik.com\/tr\/gomulu-dis\/","title":{"rendered":"G\u00f6m\u00fcl\u00fc Di\u015f"},"content":{"rendered":"<h2>G\u00f6m\u00fcl\u00fc Di\u015f Neden Olu\u015fur?<\/h2>\n<p>A\u011f\u0131z ve di\u015f sa\u011fl\u0131\u011f\u0131nda s\u0131k kar\u015f\u0131la\u015f\u0131lan durumlardan biri olan g\u00f6m\u00fcl\u00fc di\u015f, a\u011f\u0131zda s\u00fcrmesi gereken bir di\u015fin \u00e7ene kemi\u011fi ya da di\u015f eti alt\u0131nda kalarak do\u011fal pozisyonuna \u00e7\u0131kamamas\u0131 durumudur. Bu durum, \u00e7e\u015fitli anatomik ve geli\u015fimsel fakt\u00f6rlere ba\u011fl\u0131 olarak ortaya \u00e7\u0131kabilir. G\u00f6m\u00fcl\u00fc di\u015f problemi, zaman\u0131nda fark edilmedi\u011finde ciddi a\u011f\u0131z sa\u011fl\u0131\u011f\u0131 sorunlar\u0131na yol a\u00e7abilir.<\/p>\n<h2>\u00c7ene darl\u0131\u011f\u0131<\/h2>\n<p>\u00c7ene yap\u0131s\u0131n\u0131n dar olmas\u0131, di\u015flerin s\u00fcrmesi i\u00e7in yeterli alan b\u0131rakmaz. Bu durum \u00f6zellikle 20 ya\u015f di\u015fleri gibi son \u00e7\u0131kan di\u015flerde g\u00f6m\u00fcl\u00fc di\u015f olu\u015fumuna zemin haz\u0131rlar. Yetersiz bo\u015fluk nedeniyle di\u015f, \u00e7\u0131kaca\u011f\u0131 alan bulamaz ve \u00e7ene kemi\u011fi i\u00e7inde g\u00f6m\u00fcl\u00fc kal\u0131r.<\/p>\n<h2>Di\u015flerin \u00e7\u0131k\u0131\u015f y\u00f6n\u00fcn\u00fcn bozuk olmas\u0131<\/h2>\n<p>Di\u015f geli\u015fimi s\u0131ras\u0131nda y\u00f6nelim hatalar\u0131 ya\u015fanabilir. Di\u015f, do\u011fru eksende geli\u015fmedi\u011finde yanl\u0131\u015f bir a\u00e7\u0131yla ilerleyerek g\u00f6m\u00fcl\u00fc hale gelir. Bu durum, g\u00f6m\u00fcl\u00fc di\u015fin kom\u015fu di\u015flere bask\u0131 yapmas\u0131na ve \u00e7ene yap\u0131s\u0131nda bozulmalara neden olabilir.<\/p>\n<h2>S\u00fct di\u015flerinin zaman\u0131nda d\u00fc\u015fmemesi<\/h2>\n<p>S\u00fct di\u015flerinin uzun s\u00fcre a\u011f\u0131zda kalmas\u0131, alttan gelen daimi di\u015flerin \u00e7\u0131k\u0131\u015f\u0131n\u0131 engeller. Bu gecikme, daimi di\u015fin g\u00f6m\u00fcl\u00fc kalmas\u0131na neden olabilir. \u00d6zellikle \u00f6n di\u015flerde estetik ve fonksiyonel problemlere yol a\u00e7an bu durum, erken d\u00f6nemde m\u00fcdahale edilmedi\u011finde kal\u0131c\u0131 hale gelebilir.<\/p>\n<h2>Genetik fakt\u00f6rler<\/h2>\n<p>Ailede g\u00f6m\u00fcl\u00fc di\u015f \u00f6yk\u00fcs\u00fcn\u00fcn bulunmas\u0131, genetik yatk\u0131nl\u0131\u011f\u0131 art\u0131rabilir. Baz\u0131 bireylerde di\u015f s\u00fcrme zamanlamas\u0131nda ya da di\u015flerin y\u00f6nlenmesinde kal\u0131tsal d\u00fczensizlikler g\u00f6r\u00fclebilir. Genetik fakt\u00f6rler, \u00e7ene yap\u0131s\u0131 ve di\u015f geli\u015fimi \u00fczerinde \u00f6nemli rol oynar ve g\u00f6m\u00fcl\u00fc di\u015f olu\u015fumunu etkileyebilir.<\/p>\n<h2>G\u00f6m\u00fcl\u00fc Di\u015fler Hangi Sorunlara Yol A\u00e7ar?<\/h2>\n<p>Di\u015fin do\u011fal pozisyonuna \u00e7\u0131kamamas\u0131, zamanla \u00e7evre dokular \u00fczerinde bask\u0131 olu\u015fturarak \u00e7e\u015fitli a\u011f\u0131z ve \u00e7ene sa\u011fl\u0131\u011f\u0131 problemlerine yol a\u00e7abilir. G\u00f6m\u00fcl\u00fc di\u015f, sadece bulundu\u011fu alanda de\u011fil, kom\u015fu di\u015fler ve kemik yap\u0131s\u0131nda da hasar olu\u015fturabilir. Bu nedenle g\u00f6m\u00fcl\u00fc di\u015flerin erken te\u015fhisi b\u00fcy\u00fck \u00f6nem ta\u015f\u0131r.<\/p>\n<h2>A\u011fr\u0131, \u015fi\u015flik ve enfeksiyon<\/h2>\n<p>G\u00f6m\u00fcl\u00fc di\u015f etraf\u0131nda biriken bakteriler, zamanla enfeksiyona neden olabilir. Bu durum di\u015f etinde \u015fi\u015flik, a\u011fr\u0131, k\u0131zar\u0131kl\u0131k ve a\u011f\u0131z kokusuna yol a\u00e7ar. \u00d6zellikle yar\u0131 g\u00f6m\u00fcl\u00fc di\u015flerde, di\u015f etinin \u00e7evresinde s\u0131k\u00e7a enfeksiyon geli\u015febilir ve bu durum tekrarlay\u0131c\u0131 hale gelebilir.<\/p>\n<h2>Kom\u015fu di\u015flere bask\u0131<\/h2>\n<p>Do\u011fal pozisyondan sapm\u0131\u015f bir g\u00f6m\u00fcl\u00fc di\u015f, kom\u015fu di\u015flere bask\u0131 uygulayarak bu di\u015flerin yer de\u011fi\u015ftirmesine veya k\u00f6klerinde erimeye neden olabilir. \u00d6zellikle \u00f6n b\u00f6lgede di\u015flerin \u00e7apra\u015f\u0131kla\u015fmas\u0131 gibi ortodontik problemler bu bask\u0131ya ba\u011fl\u0131 olarak geli\u015febilir. G\u00f6m\u00fcl\u00fc di\u015fin bask\u0131s\u0131, \u00e7ene dengesini de bozabilir.<\/p>\n<h2>Kist olu\u015fumu<\/h2>\n<p>G\u00f6m\u00fcl\u00fc di\u015f etraf\u0131nda geli\u015fen di\u015f folik\u00fcl\u00fc, zamanla patolojik hale gelerek kist olu\u015fturabilir. Bu kistler \u00e7ene kemi\u011finde geni\u015flemeye, \u00e7evre di\u015flerin k\u00f6klerine zarar vermeye ve \u00e7ene yap\u0131s\u0131nda deformasyonlara neden olabilir. G\u00f6m\u00fcl\u00fc di\u015fle ili\u015fkili kistlerin zaman\u0131nda fark edilmemesi durumunda ciddi cerrahi m\u00fcdahaleler gerekebilir.<\/p>\n<h2>\u00c7ene yap\u0131s\u0131nda bozulma<\/h2>\n<p>G\u00f6m\u00fcl\u00fc di\u015flerin uzun s\u00fcre \u00e7ene i\u00e7inde kalmas\u0131, \u00e7ene kemi\u011finde bas\u0131nca ve asimetrik yap\u0131lara yol a\u00e7abilir. Bu durum \u00e7i\u011fneme fonksiyonunun bozulmas\u0131na ve estetik sorunlara neden olabilir. \u00d6zellikle alt \u00e7enede geli\u015fen g\u00f6m\u00fcl\u00fc di\u015fler, zamanla \u00e7ene a\u00e7\u0131s\u0131nda deformasyon olu\u015fturabilir.<\/p>\n<h2>G\u00f6m\u00fcl\u00fc Di\u015f \u00c7ekimi Hangi Durumlarda Gerekir?<\/h2>\n<p>Her g\u00f6m\u00fcl\u00fc di\u015f cerrahi olarak \u00e7ekilmek zorunda de\u011fildir, ancak baz\u0131 \u00f6zel durumlarda \u00e7ekim ka\u00e7\u0131n\u0131lmaz hale gelir. G\u00f6m\u00fcl\u00fc di\u015f \u00e7ekimi, \u00e7evre dokulara zarar verme potansiyeli olan di\u015flerde ya da enfeksiyon riski bulunan durumlarda uygulan\u0131r. Tedavi plan\u0131, klinik ve radyolojik de\u011ferlendirme sonucu belirlenir.<\/p>\n<h2>20 ya\u015f di\u015fleri (ak\u0131l di\u015fleri)<\/h2>\n<p>En s\u0131k g\u00f6m\u00fcl\u00fc kalan di\u015fler 20 ya\u015f di\u015fleridir. Bu di\u015fler \u00e7ene kemi\u011finin arka b\u00f6lgesinde yeterli yer bulamad\u0131\u011f\u0131nda ya yatay, ya da \u00e7apraz \u015fekilde g\u00f6m\u00fcl\u00fc kalabilir. Enfeksiyon, \u00e7\u00fcr\u00fck, a\u011fr\u0131 veya bask\u0131 gibi \u015fik\u00e2yetlere neden olan g\u00f6m\u00fcl\u00fc 20 ya\u015f di\u015fleri genellikle cerrahi \u00e7ekim ile \u00e7\u0131kar\u0131l\u0131r.<\/p>\n<h2>G\u00f6m\u00fcl\u00fc k\u00f6pek di\u015fleri<\/h2>\n<p>\u00dcst \u00e7enede s\u0131k rastlanan g\u00f6m\u00fcl\u00fc k\u00f6pek di\u015fleri, hem estetik hem de fonksiyonel a\u00e7\u0131dan \u00f6nemlidir. E\u011fer ortodontik tedavi ile s\u00fcrd\u00fcr\u00fclmeleri m\u00fcmk\u00fcn de\u011filse ya da pozisyonlar\u0131 riskli ise g\u00f6m\u00fcl\u00fc k\u00f6pek di\u015flerinin \u00e7ekilmesi gerekebilir. Bu t\u00fcr di\u015fler \u00f6zellikle gen\u00e7 bireylerde dikkatle de\u011ferlendirilir.<\/p>\n<h2>G\u00f6m\u00fcl\u00fc Di\u015f \u00c7ekimi Sonras\u0131 \u0130yile\u015fme S\u00fcreci<\/h2>\n<p>Bu cerrahi i\u015flem sonras\u0131nda iyile\u015fme s\u00fcreci ki\u015fiden ki\u015fiye de\u011fi\u015fse de, genellikle 7 ila 10 g\u00fcn i\u00e7inde b\u00fcy\u00fck \u00f6l\u00e7\u00fcde tamamlan\u0131r. G\u00f6m\u00fcl\u00fc di\u015f \u00e7ekimi sonras\u0131 dikkat edilmesi gereken noktalar, iyile\u015fmenin sorunsuz ge\u00e7mesi ve komplikasyonlar\u0131n \u00f6nlenmesi a\u00e7\u0131s\u0131ndan kritik \u00f6neme sahiptir.<\/p>\n<h2>\u0130lk 3 g\u00fcn nelere dikkat edilmeli?<\/h2>\n<p>\u00c7ekimden sonraki ilk 72 saat, iyile\u015fme s\u00fcrecinin en hassas d\u00f6nemidir. Bu s\u00fcre\u00e7te a\u011f\u0131z i\u00e7inde olu\u015fan p\u0131ht\u0131n\u0131n korunmas\u0131, enfeksiyon ve kanama riskinin azalt\u0131lmas\u0131 gerekir. G\u00f6m\u00fcl\u00fc di\u015f \u00e7ekimi sonras\u0131 a\u015fa\u011f\u0131daki \u00f6nerilere dikkat edilmelidir:<\/p>\n<p>\u0130lk 24 saat boyunca t\u00fck\u00fcr\u00fclmemeli ve a\u011f\u0131z \u00e7alkalanmamal\u0131d\u0131r.<\/p>\n<p>Sigara ve alkol kullan\u0131lmamal\u0131d\u0131r.<\/p>\n<p>S\u0131cak yiyecek ve i\u00e7eceklerden uzak durulmal\u0131d\u0131r.<\/p>\n<p>\u015ei\u015fli\u011fi azaltmak i\u00e7in so\u011fuk kompres uygulanabilir.<\/p>\n<p>Ba\u015f y\u00fcksek pozisyonda tutulmal\u0131, dinlenmeye \u00f6zen g\u00f6sterilmelidir.<\/p>\n<p>Bu \u00f6nlemler, g\u00f6m\u00fcl\u00fc di\u015f \u00e7ekimi sonras\u0131 iyile\u015fme s\u00fcrecinin daha rahat ge\u00e7mesini sa\u011flar.<\/p>\n<h2>Diki\u015f varsa ne zaman al\u0131n\u0131r?<\/h2>\n<p>\u00c7o\u011fu g\u00f6m\u00fcl\u00fc di\u015f \u00e7ekimi sonras\u0131nda cerrahi kesi nedeniyle diki\u015f at\u0131l\u0131r. Diki\u015fler genellikle \u00e7ekimden 7 ila 10 g\u00fcn sonra al\u0131n\u0131r. Baz\u0131 vakalarda kendili\u011finden eriyen diki\u015fler kullan\u0131ld\u0131\u011f\u0131nda, ek bir i\u015flem gerekmez. G\u00f6m\u00fcl\u00fc di\u015f \u00e7ekimi sonras\u0131 diki\u015fin durumuna g\u00f6re hekim, uygun zamanlamay\u0131 belirler.<\/p>\n<h2>A\u011fr\u0131, \u015fi\u015flik ve morluk normal midir?<\/h2>\n<p>\u00c7ekim sonras\u0131 ilk birka\u00e7 g\u00fcn i\u00e7inde a\u011fr\u0131, y\u00fczde \u015fi\u015flik ve hatta hafif morarma g\u00f6r\u00fclebilir. G\u00f6m\u00fcl\u00fc di\u015f \u00e7ekimi sonras\u0131nda bu belirtiler, v\u00fccudun iyile\u015fme s\u00fcrecine verdi\u011fi do\u011fal tepkilerdir. A\u011fr\u0131 genellikle re\u00e7ete edilen a\u011fr\u0131 kesicilerle kontrol alt\u0131na al\u0131nabilir. \u015ei\u015flik 48 saat i\u00e7inde artabilir ve sonras\u0131nda giderek azal\u0131r. Morluk olu\u015fmas\u0131 \u00f6zellikle alt \u00e7ene di\u015f \u00e7ekimlerinde daha s\u0131k g\u00f6r\u00fcl\u00fcr ve ge\u00e7icidir.<\/p>\n<h2>G\u00f6m\u00fcl\u00fc Di\u015f \u00c7ekimi Riskli midir?<\/h2>\n<p>Bu i\u015flem, alan\u0131nda deneyimli bir a\u011f\u0131z ve \u00e7ene cerrah\u0131 taraf\u0131ndan yap\u0131ld\u0131\u011f\u0131nda genel olarak g\u00fcvenlidir. Ancak her cerrahi m\u00fcdahalede oldu\u011fu gibi g\u00f6m\u00fcl\u00fc di\u015f \u00e7ekimi s\u0131ras\u0131nda da baz\u0131 riskler s\u00f6z konusu olabilir. \u00d6zellikle di\u015fin sinirlere yak\u0131n konumda olmas\u0131, k\u00f6k yap\u0131s\u0131n\u0131n karma\u015f\u0131kl\u0131\u011f\u0131 ya da di\u015fin kist ile ili\u015fkili olmas\u0131 durumu riski art\u0131rabilir.<\/p>\n<p>Olas\u0131 komplikasyonlar aras\u0131nda sinir hasar\u0131, kanama, enfeksiyon, a\u011f\u0131z a\u00e7\u0131kl\u0131\u011f\u0131nda k\u0131s\u0131tl\u0131l\u0131k ve nadiren kom\u015fu di\u015flerde travma yer al\u0131r. Ancak detayl\u0131 radyolojik de\u011ferlendirme ve uygun cerrahi teknikle bu riskler minimuma indirilebilir. G\u00f6m\u00fcl\u00fc di\u015f \u00e7ekimi sonras\u0131 d\u00fczenli takip, iyile\u015fmenin g\u00fcvenli ilerlemesini sa\u011flar.<\/p>\n<h2>G\u00f6m\u00fcl\u00fc Di\u015f \u00c7ekimi Yorumlar\u0131 ve Hasta Deneyimleri<\/h2>\n<p>Bu i\u015flemi deneyimleyen bireylerin yorumlar\u0131 incelendi\u011finde, \u00e7o\u011fu hastan\u0131n ba\u015flang\u0131\u00e7ta \u00e7ekim i\u015flemiyle ilgili endi\u015fe ya\u015fad\u0131\u011f\u0131 ancak i\u015flem sonras\u0131 bu kayg\u0131lar\u0131n yersiz oldu\u011fu g\u00f6r\u00fclmektedir. G\u00f6m\u00fcl\u00fc di\u015f \u00e7ekimi genellikle san\u0131ld\u0131\u011f\u0131ndan daha k\u0131sa s\u00fcrede ve a\u011fr\u0131s\u0131z bir \u015fekilde tamamlan\u0131r.<\/p>\n<p>Hasta deneyimlerinde en \u00e7ok vurgulanan noktalar aras\u0131nda i\u015flem sonras\u0131 a\u011fr\u0131n\u0131n beklenenden az olmas\u0131, \u015fi\u015fli\u011fin k\u0131sa s\u00fcrede ge\u00e7mesi ve hekimin bilgilendirici yakla\u015f\u0131m\u0131 yer al\u0131r. G\u00f6m\u00fcl\u00fc di\u015f \u00e7ekimi, do\u011fru planlama ve hasta e\u011fitimi ile kolay ve g\u00fcvenli bir s\u00fcre\u00e7 haline gelir. \u00d6zellikle iyile\u015fme s\u00fcrecine dikkat eden hastalar, birka\u00e7 g\u00fcn i\u00e7inde normal ya\u015famlar\u0131na d\u00f6nebilmektedir.<\/p>\n<h2>G\u00f6m\u00fcl\u00fc Di\u015f \u00c7ekimi Fiyatlar\u0131 2025<\/h2>\n<p>Tedavi maliyeti, di\u015fin konumuna, g\u00f6m\u00fcl\u00fc derinli\u011fine, \u00e7evre dokularla ili\u015fkisine ve uygulanan cerrahi tekniklere ba\u011fl\u0131 olarak de\u011fi\u015fiklik g\u00f6sterir. Ayr\u0131ca i\u015flem s\u0131ras\u0131nda kullan\u0131lan malzeme kalitesi, hekimin deneyimi ve co\u011frafi konum da fiyat \u00fczerinde etkili olur.<\/p>\n<h3>G\u00f6m\u00fcl\u00fc di\u015f \u00e7ekimi zor bir i\u015flem mi?<\/h3>\n<p>Bu sorunun yan\u0131t\u0131, di\u015fin g\u00f6m\u00fcl\u00fc oldu\u011fu derinli\u011fe, konumuna ve \u00e7evre anatomik yap\u0131larla olan ili\u015fkisine g\u00f6re de\u011fi\u015fir. G\u00f6m\u00fcl\u00fc di\u015f \u00e7ene kemi\u011fi i\u00e7inde yatay ya da \u00e7apraz \u015fekilde konumlanm\u0131\u015fsa, \u00e7ekim i\u015flemi daha karma\u015f\u0131k olabilir. Ancak bu durum, deneyimli bir a\u011f\u0131z ve \u00e7ene cerrah\u0131 i\u00e7in rutin bir uygulamad\u0131r.<\/p>\n<p>Modern cerrahi teknikler, lokal anestezi ve detayl\u0131 radyolojik g\u00f6r\u00fcnt\u00fcleme sayesinde g\u00f6m\u00fcl\u00fc di\u015f \u00e7ekimi genellikle kontroll\u00fc ve ba\u015far\u0131l\u0131 bir \u015fekilde ger\u00e7ekle\u015ftirilir. \u0130\u015flem \u00f6ncesinde planlama ne kadar do\u011fru yap\u0131l\u0131rsa, g\u00f6m\u00fcl\u00fc di\u015f \u00e7ekimi o kadar kolay ve g\u00fcvenli olur.<\/p>\n<h3>\u0130yile\u015fme s\u00fcrecinde nelere dikkat edilmeli?<\/h3>\n<p>G\u00f6m\u00fcl\u00fc di\u015f \u00e7ekimi sonras\u0131 iyile\u015fme s\u00fcreci, hastan\u0131n bak\u0131m al\u0131\u015fkanl\u0131klar\u0131 ve hekimin \u00f6nerilerine uyumu ile do\u011frudan ilgilidir. Bu d\u00f6nemde dikkat edilmesi gereken ba\u015fl\u0131ca noktalar \u015funlard\u0131r:<\/p>\n<p>A\u011f\u0131z \u00e7alkalamaktan ka\u00e7\u0131n\u0131lmal\u0131, p\u0131ht\u0131 yerinden oynat\u0131lmamal\u0131d\u0131r.<\/p>\n<p>\u0130lk 24 saat boyunca t\u00fck\u00fcr\u00fclmemeli ve sigara i\u00e7ilmemelidir.<\/p>\n<p>B\u00f6lgeye so\u011fuk kompres uygulanarak \u015fi\u015flik kontrol alt\u0131na al\u0131nabilir.<\/p>\n<p>Yumu\u015fak, \u0131l\u0131k ve besleyici g\u0131dalar tercih edilmelidir.<\/p>\n<p>A\u011f\u0131z hijyenine dikkat edilmeli, di\u015fler yava\u015f ve nazik\u00e7e f\u0131r\u00e7alanmal\u0131d\u0131r.<\/p>\n<p>Bu \u00f6nlemler, g\u00f6m\u00fcl\u00fc di\u015f \u00e7ekimi sonras\u0131 iyile\u015fme s\u00fcrecini h\u0131zland\u0131r\u0131r ve komplikasyon riskini azalt\u0131r.<\/p>\n<h3>G\u00f6m\u00fcl\u00fc di\u015f \u00e7ekimi sonras\u0131 a\u011fr\u0131 ka\u00e7 g\u00fcn s\u00fcrer?<\/h3>\n<p>A\u011fr\u0131 genellikle ilk 24 ila 72 saat aras\u0131nda hissedilir ve giderek azal\u0131r. Bu s\u00fcre\u00e7te hekimin \u00f6nerdi\u011fi a\u011fr\u0131 kesicilerle a\u011fr\u0131 kontrol alt\u0131na al\u0131nabilir. G\u00f6m\u00fcl\u00fc di\u015f \u00e7ekimi sonras\u0131 a\u011fr\u0131 d\u00fczeyi, ki\u015finin a\u011fr\u0131 e\u015fi\u011fi, \u00e7ekilen di\u015fin zorluk derecesi ve uygulanan cerrahi tekni\u011fe ba\u011fl\u0131 olarak de\u011fi\u015fiklik g\u00f6sterebilir.<\/p>\n<p>E\u011fer a\u011fr\u0131 3. g\u00fcnden sonra \u015fiddetlenerek devam ediyorsa, enfeksiyon ya da \u201ckuru soket\u201d gibi komplikasyonlar geli\u015fmi\u015f olabilir. Bu durumda vakit kaybetmeden hekime ba\u015fvurmak gerekir.<\/p>\n<h3>20\u2019lik di\u015f \u00e7ekilmezse ne olur?<\/h3>\n<p>S\u00fcrme pozisyonu bozuk olan 20 ya\u015f di\u015fleri, uzun vadede ciddi sorunlara yol a\u00e7abilir. G\u00f6m\u00fcl\u00fc ya da yar\u0131 g\u00f6m\u00fcl\u00fc 20\u2019lik di\u015f \u00e7ekilmezse;<\/p>\n<p>Kom\u015fu di\u015flerde \u00e7\u00fcr\u00fck ve k\u00f6k erimesi,<\/p>\n<p>\u00c7ene kemi\u011finde kist olu\u015fumu,<\/p>\n<p>Di\u015f diziliminin bozulmas\u0131,<\/p>\n<p>Tekrarlayan enfeksiyonlar,<\/p>\n<h3>A\u011fr\u0131 ve \u00e7ene ekleminde zorlanma<\/h3>\n<p>gibi komplikasyonlar geli\u015febilir. G\u00f6m\u00fcl\u00fc di\u015fin varl\u0131\u011f\u0131 belirlenmi\u015fse ve risk olu\u015fturuyorsa, \u00e7ekilmesi \u00e7o\u011fu zaman ka\u00e7\u0131n\u0131lmaz hale gelir.<\/p>\n<h3>G\u00f6m\u00fcl\u00fc di\u015f \u00e7ekiminden sonra y\u00fcz \u015fi\u015fer mi?<\/h3>\n<p>\u00c7ekimden sonraki ilk 48 saat i\u00e7inde y\u00fczde \u015fi\u015flik olu\u015fmas\u0131 olduk\u00e7a yayg\u0131nd\u0131r. Bu \u015fi\u015flik, cerrahi i\u015flem sonras\u0131 v\u00fccudun do\u011fal savunma mekanizmas\u0131n\u0131n bir par\u00e7as\u0131d\u0131r. G\u00f6m\u00fcl\u00fc di\u015f \u00e7ekimi sonras\u0131 \u015fi\u015flik genellikle 2\u20133 g\u00fcn i\u00e7inde azalmaya ba\u015flar ve yakla\u015f\u0131k 1 hafta i\u00e7inde tamamen ge\u00e7er.<\/p>\n","protected":false},"excerpt":{"rendered":"<p>G\u00f6m\u00fcl\u00fc Di\u015f Neden Olu\u015fur? A\u011f\u0131z ve di\u015f sa\u011fl\u0131\u011f\u0131nda s\u0131k kar\u015f\u0131la\u015f\u0131lan durumlardan biri olan g\u00f6m\u00fcl\u00fc di\u015f, a\u011f\u0131zda s\u00fcrmesi gereken bir di\u015fin \u00e7ene kemi\u011fi ya da di\u015f eti alt\u0131nda kalarak do\u011fal pozisyonuna \u00e7\u0131kamamas\u0131 durumudur. Bu durum, \u00e7e\u015fitli anatomik ve geli\u015fimsel fakt\u00f6rlere ba\u011fl\u0131 olarak ortaya \u00e7\u0131kabilir. G\u00f6m\u00fcl\u00fc di\u015f problemi, zaman\u0131nda fark edilmedi\u011finde ciddi a\u011f\u0131z sa\u011fl\u0131\u011f\u0131 sorunlar\u0131na yol a\u00e7abilir. [&hellip;]<\/p>\n","protected":false},"author":1,"featured_media":816,"comment_status":"open","ping_status":"open","sticky":false,"template":"","format":"standard","meta":{"footnotes":""},"categories":[21],"tags":[],"class_list":["post-817","post","type-post","status-publish","format-standard","has-post-thumbnail","hentry","category-dis-estetigi"],"_links":{"self":[{"href":"https:\/\/www.privacyestetik.com\/tr\/wp-json\/wp\/v2\/posts\/817","targetHints":{"allow":["GET"]}}],"collection":[{"href":"https:\/\/www.privacyestetik.com\/tr\/wp-json\/wp\/v2\/posts"}],"about":[{"href":"https:\/\/www.privacyestetik.com\/tr\/wp-json\/wp\/v2\/types\/post"}],"author":[{"embeddable":true,"href":"https:\/\/www.privacyestetik.com\/tr\/wp-json\/wp\/v2\/users\/1"}],"replies":[{"embeddable":true,"href":"https:\/\/www.privacyestetik.com\/tr\/wp-json\/wp\/v2\/comments?post=817"}],"version-history":[{"count":1,"href":"https:\/\/www.privacyestetik.com\/tr\/wp-json\/wp\/v2\/posts\/817\/revisions"}],"predecessor-version":[{"id":1031,"href":"https:\/\/www.privacyestetik.com\/tr\/wp-json\/wp\/v2\/posts\/817\/revisions\/1031"}],"wp:featuredmedia":[{"embeddable":true,"href":"https:\/\/www.privacyestetik.com\/tr\/wp-json\/wp\/v2\/media\/816"}],"wp:attachment":[{"href":"https:\/\/www.privacyestetik.com\/tr\/wp-json\/wp\/v2\/media?parent=817"}],"wp:term":[{"taxonomy":"category","embeddable":true,"href":"https:\/\/www.privacyestetik.com\/tr\/wp-json\/wp\/v2\/categories?post=817"},{"taxonomy":"post_tag","embeddable":true,"href":"https:\/\/www.privacyestetik.com\/tr\/wp-json\/wp\/v2\/tags?post=817"}],"curies":[{"name":"wp","href":"https:\/\/api.w.org\/{rel}","templated":true}]}}